{"id":16086,"date":"2025-07-03T05:12:21","date_gmt":"2025-07-03T09:12:21","guid":{"rendered":"https:\/\/agromt.news\/?p=16086"},"modified":"2025-07-03T05:12:21","modified_gmt":"2025-07-03T09:12:21","slug":"preco-do-arroz-reage-apos-quedas-mas-ainda-preocupa-produtores","status":"publish","type":"post","link":"https:\/\/agromt.news\/?p=16086","title":{"rendered":"Pre\u00e7o do arroz reage ap\u00f3s quedas, mas ainda preocupa produtores"},"content":{"rendered":"<p> <br \/>\n<\/p>\n<div>\n<p style=\"text-align:justify\">O mercado do <a href=\"https:\/\/www.agrolink.com.br\/culturas\/arroz\/?utm_source=agrolink-detalhe-noticia&amp;utm_medium=detalhe-noticia&amp;utm_campaign=links-internos\" target=\"_blank\" rel=\"noopener\">arroz<\/a> em casca registrou uma leve recupera\u00e7\u00e3o nos pre\u00e7os na \u00faltima semana, ap\u00f3s um per\u00edodo prolongado de desvaloriza\u00e7\u00e3o. Desde o final de janeiro, os valores vinham em queda cont\u00ednua, pressionando produtores e impactando a rentabilidade da cadeia produtiva. Apesar da recente alta, as cota\u00e7\u00f5es ainda se mant\u00eam pr\u00f3ximas do valor m\u00ednimo de garantia estabelecido pelo governo federal no Plano Safra 2024.&#13;\n<\/p>\n<p style=\"text-align:justify\">Segundo dados do Centro de Estudos Avan\u00e7ados em Economia Aplicada (Cepea), o Indicador CEPEA\/IRGA-RS encerrou o m\u00eas de junho com m\u00e9dia inferior a R$ 63,64 por saca de 50 kg, valor de refer\u00eancia para a regi\u00e3o Sul (exceto Paran\u00e1). Essa foi a quinta retra\u00e7\u00e3o mensal consecutiva, levando a m\u00e9dia ao menor patamar desde janeiro de 2020. A expectativa de crescimento nas exporta\u00e7\u00f5es, no entanto, sustentou os pre\u00e7os na \u00faltima semana, influenciando a din\u00e2mica do mercado.<\/p>\n<p style=\"text-align:justify\">Com a possibilidade de maior demanda externa, muitos vendedores adotaram uma postura mais cautelosa e reduziram a oferta no mercado dom\u00e9stico. Essa retra\u00e7\u00e3o nas negocia\u00e7\u00f5es gerou um movimento de alta nos pre\u00e7os, principalmente por parte das ind\u00fastrias, que precisavam recompor seus estoques. O cen\u00e1rio de oferta limitada contribuiu para o reajuste de valores por parte dos compradores.&#13;\n<\/p>\n<p style=\"text-align:justify\">As condi\u00e7\u00f5es clim\u00e1ticas tamb\u00e9m t\u00eam afetado diretamente o escoamento do <a href=\"https:\/\/www.agrolink.com.br\/culturas\/arroz\/?utm_source=agrolink-detalhe-noticia&amp;utm_medium=detalhe-noticia&amp;utm_campaign=links-internos\" target=\"_blank\" rel=\"noopener\">arroz<\/a> no Rio Grande do Sul. Conforme relatos de agentes consultados pelo Cepea, as fortes chuvas que atingiram o estado dificultam o carregamento e o transporte das cargas, interferindo na log\u00edstica de distribui\u00e7\u00e3o. O impacto do clima sobre a cadeia produtiva refor\u00e7a ainda mais a instabilidade do mercado.<\/p>\n<p style=\"text-align:justify\">Diante dessas dificuldades, algumas ind\u00fastrias passaram a buscar alternativas no mercado internacional, intensificando a importa\u00e7\u00e3o de arroz do Paraguai. A medida tem sido uma forma de garantir o abastecimento e minimizar os efeitos da oferta interna restrita. Essa movimenta\u00e7\u00e3o tamb\u00e9m pode influenciar as pr\u00f3ximas semanas de negocia\u00e7\u00e3o, especialmente se as exporta\u00e7\u00f5es se confirmarem em alta.&#13;\n<\/p>\n<p style=\"text-align:justify\">O setor segue atento \u00e0 evolu\u00e7\u00e3o dos pre\u00e7os e ao comportamento dos agentes de mercado, em especial diante da aproxima\u00e7\u00e3o da colheita da pr\u00f3xima safra. A expectativa \u00e9 de que a demanda externa possa sustentar os pre\u00e7os, mas o cen\u00e1rio ainda \u00e9 de incerteza, sobretudo diante do clima adverso e dos desafios log\u00edsticos enfrentados no principal estado produtor do pa\u00eds.<\/p>\n<\/p><\/div>\n<p><script data-cfasync=\"false\">\n    !function (f, b, e, v, n, t, s) {\n        if (f.fbq) return; n = f.fbq = function () {\n            n.callMethod ?\n                n.callMethod.apply(n, arguments) : n.queue.push(arguments)\n        };\n        if (!f._fbq) f._fbq = n; n.push = n; n.loaded = !0; n.version = '2.0';\n        n.queue = []; t = b.createElement(e); t.async = !0;\n        t.src = v; s = b.getElementsByTagName(e)[0];\n        s.parentNode.insertBefore(t, s)\n    }(window, document, 'script',\n        'https:\/\/connect.facebook.net\/en_US\/fbevents.js');\n    fbq('init', '522546078623747');\n    fbq('track', 'PageView');\n<\/script><br \/>\n<br \/><br \/>\n<br \/><a href=\"https:\/\/www.agrolink.com.br\/noticias\/preco-do-arroz-reage-apos-quedas--mas-ainda-preocupa-produtores_503514.html\">Source link <\/a><\/p>\n","protected":false},"excerpt":{"rendered":"<p>O mercado do arroz em casca registrou uma leve recupera\u00e7\u00e3o nos pre\u00e7os na \u00faltima semana, ap\u00f3s um per\u00edodo prolongado de<\/p>\n","protected":false},"author":1,"featured_media":2718,"comment_status":"open","ping_status":"open","sticky":false,"template":"","format":"standard","meta":{"_monsterinsights_skip_tracking":false,"_monsterinsights_sitenote_active":false,"_monsterinsights_sitenote_note":"","_monsterinsights_sitenote_category":0,"_uf_show_specific_survey":0,"_uf_disable_surveys":false,"footnotes":""},"categories":[8,1,14],"tags":[],"class_list":["post-16086","post","type-post","status-publish","format-standard","has-post-thumbnail","hentry","category-agro","category-news","category-politica-agro"],"_links":{"self":[{"href":"https:\/\/agromt.news\/index.php?rest_route=\/wp\/v2\/posts\/16086"}],"collection":[{"href":"https:\/\/agromt.news\/index.php?rest_route=\/wp\/v2\/posts"}],"about":[{"href":"https:\/\/agromt.news\/index.php?rest_route=\/wp\/v2\/types\/post"}],"author":[{"embeddable":true,"href":"https:\/\/agromt.news\/index.php?rest_route=\/wp\/v2\/users\/1"}],"replies":[{"embeddable":true,"href":"https:\/\/agromt.news\/index.php?rest_route=%2Fwp%2Fv2%2Fcomments&post=16086"}],"version-history":[{"count":0,"href":"https:\/\/agromt.news\/index.php?rest_route=\/wp\/v2\/posts\/16086\/revisions"}],"wp:featuredmedia":[{"embeddable":true,"href":"https:\/\/agromt.news\/index.php?rest_route=\/wp\/v2\/media\/2718"}],"wp:attachment":[{"href":"https:\/\/agromt.news\/index.php?rest_route=%2Fwp%2Fv2%2Fmedia&parent=16086"}],"wp:term":[{"taxonomy":"category","embeddable":true,"href":"https:\/\/agromt.news\/index.php?rest_route=%2Fwp%2Fv2%2Fcategories&post=16086"},{"taxonomy":"post_tag","embeddable":true,"href":"https:\/\/agromt.news\/index.php?rest_route=%2Fwp%2Fv2%2Ftags&post=16086"}],"curies":[{"name":"wp","href":"https:\/\/api.w.org\/{rel}","templated":true}]}}