{"id":16083,"date":"2025-07-03T03:16:18","date_gmt":"2025-07-03T07:16:18","guid":{"rendered":"https:\/\/agromt.news\/?p=16083"},"modified":"2025-07-03T03:16:18","modified_gmt":"2025-07-03T07:16:18","slug":"diesel-tem-menor-preco-do-ano-em-junho","status":"publish","type":"post","link":"https:\/\/agromt.news\/?p=16083","title":{"rendered":"Diesel tem menor pre\u00e7o do ano em junho"},"content":{"rendered":"<p> <br \/>\n<\/p>\n<div>\n<p>O diesel encerrou o primeiro semestre de 2025 com os menores pre\u00e7os m\u00e9dios do ano, de acordo com o \u00cdndice de Pre\u00e7os Edenred Ticket Log (IPTL). Em junho, o tipo comum foi comercializado a R$ 6,14 em m\u00e9dia, com queda de 1,29% ante maio. J\u00e1 o diesel S-10 caiu 1,44% e fechou o m\u00eas a R$ 6,18. A retra\u00e7\u00e3o \u00e9 reflexo do repasse tardio das redu\u00e7\u00f5es promovidas pela Petrobras em maio, que ainda impactaram a cadeia de abastecimento em junho.&#13;\n<\/p>\n<p>O levantamento tamb\u00e9m revelou redu\u00e7\u00f5es em todas as regi\u00f5es do Pa\u00eds. O Centro-Oeste apresentou os maiores recuos: o diesel comum caiu 1,92%, a R$ 6,14, e o S-10 recuou 1,58%, a R$ 6,24. No Sul, foram registrados os menores pre\u00e7os m\u00e9dios: R$ 5,94 para o comum e R$ 5,97 para o S-10. J\u00e1 o Norte teve os maiores valores, mesmo com queda: R$ 6,83 e R$ 6,61, respectivamente.<\/p>\n<p>Entre os estados, o Acre segue com os pre\u00e7os mais altos para ambos os tipos: R$ 7,72 para o diesel comum e R$ 7,63 para o S-10. No Paran\u00e1, o diesel comum foi o mais barato, a R$ 5,85, e Pernambuco teve o menor valor para o S-10, a R$ 5,88. O destaque em queda foi o Tocantins, com redu\u00e7\u00e3o de 3,04% no pre\u00e7o do diesel comum. J\u00e1 o Amap\u00e1 foi o \u00fanico estado a registrar alta nos dois tipos de diesel em junho.&#13;\n<\/p>\n<p>\u201cA queda no pre\u00e7o do diesel em junho ilustra bem o efeito tardio dos reajustes da Petrobras realizados em maio, que continuou a afetar a cadeia de abastecimento, repassando as redu\u00e7\u00f5es, o que permitiu que o combust\u00edvel atingisse seu menor pre\u00e7o de 2025 justamente no fechamento do semestre. Essa din\u00e2mica mostra um mercado competitivo e resulta em um cen\u00e1rio mais favor\u00e1vel para os custos de frete e log\u00edstica no Pa\u00eds\u201d, analisa Renato Mascarenhas, Diretor de Opera\u00e7\u00f5es e Transforma\u00e7\u00e3o de Neg\u00f3cios da Edenred Mobilidade.<br \/>&#13;<br \/>\n\u00a0<\/p>\n<\/p><\/div>\n<p><script data-cfasync=\"false\">\n    !function (f, b, e, v, n, t, s) {\n        if (f.fbq) return; n = f.fbq = function () {\n            n.callMethod ?\n                n.callMethod.apply(n, arguments) : n.queue.push(arguments)\n        };\n        if (!f._fbq) f._fbq = n; n.push = n; n.loaded = !0; n.version = '2.0';\n        n.queue = []; t = b.createElement(e); t.async = !0;\n        t.src = v; s = b.getElementsByTagName(e)[0];\n        s.parentNode.insertBefore(t, s)\n    }(window, document, 'script',\n        'https:\/\/connect.facebook.net\/en_US\/fbevents.js');\n    fbq('init', '522546078623747');\n    fbq('track', 'PageView');\n<\/script><br \/>\n<br \/><br \/>\n<br \/><a href=\"https:\/\/www.agrolink.com.br\/noticias\/diesel-tem-menor-preco-do-ano-em-junho_503515.html\">Source link <\/a><\/p>\n","protected":false},"excerpt":{"rendered":"<p>O diesel encerrou o primeiro semestre de 2025 com os menores pre\u00e7os m\u00e9dios do ano, de acordo com o \u00cdndice<\/p>\n","protected":false},"author":1,"featured_media":16084,"comment_status":"open","ping_status":"open","sticky":false,"template":"","format":"standard","meta":{"_monsterinsights_skip_tracking":false,"_monsterinsights_sitenote_active":false,"_monsterinsights_sitenote_note":"","_monsterinsights_sitenote_category":0,"_uf_show_specific_survey":0,"_uf_disable_surveys":false,"footnotes":""},"categories":[8,1,14],"tags":[],"class_list":["post-16083","post","type-post","status-publish","format-standard","has-post-thumbnail","hentry","category-agro","category-news","category-politica-agro"],"_links":{"self":[{"href":"https:\/\/agromt.news\/index.php?rest_route=\/wp\/v2\/posts\/16083"}],"collection":[{"href":"https:\/\/agromt.news\/index.php?rest_route=\/wp\/v2\/posts"}],"about":[{"href":"https:\/\/agromt.news\/index.php?rest_route=\/wp\/v2\/types\/post"}],"author":[{"embeddable":true,"href":"https:\/\/agromt.news\/index.php?rest_route=\/wp\/v2\/users\/1"}],"replies":[{"embeddable":true,"href":"https:\/\/agromt.news\/index.php?rest_route=%2Fwp%2Fv2%2Fcomments&post=16083"}],"version-history":[{"count":0,"href":"https:\/\/agromt.news\/index.php?rest_route=\/wp\/v2\/posts\/16083\/revisions"}],"wp:featuredmedia":[{"embeddable":true,"href":"https:\/\/agromt.news\/index.php?rest_route=\/wp\/v2\/media\/16084"}],"wp:attachment":[{"href":"https:\/\/agromt.news\/index.php?rest_route=%2Fwp%2Fv2%2Fmedia&parent=16083"}],"wp:term":[{"taxonomy":"category","embeddable":true,"href":"https:\/\/agromt.news\/index.php?rest_route=%2Fwp%2Fv2%2Fcategories&post=16083"},{"taxonomy":"post_tag","embeddable":true,"href":"https:\/\/agromt.news\/index.php?rest_route=%2Fwp%2Fv2%2Ftags&post=16083"}],"curies":[{"name":"wp","href":"https:\/\/api.w.org\/{rel}","templated":true}]}}