{"id":16079,"date":"2025-07-03T01:20:26","date_gmt":"2025-07-03T05:20:26","guid":{"rendered":"https:\/\/agromt.news\/?p=16079"},"modified":"2025-07-03T01:20:26","modified_gmt":"2025-07-03T05:20:26","slug":"julho-tera-clima-mais-seco-e-ameno","status":"publish","type":"post","link":"https:\/\/agromt.news\/?p=16079","title":{"rendered":"julho ter\u00e1 clima mais seco e ameno"},"content":{"rendered":"<p> <br \/>\n<\/p>\n<div>\n<p style=\"text-align:justify\">A onda de frio mais intensa do ano est\u00e1 com os dias contados no Brasil. De acordo com o meteorologista Gabriel Rodrigues, do Portal Agrolink, o pico das baixas temperaturas j\u00e1 foi registrado, e a tend\u00eancia agora \u00e9 de eleva\u00e7\u00e3o gradual nos term\u00f4metros em boa parte do pa\u00eds. A partir desta sexta-feira, 4 de julho, a massa de ar polar que causou a queda brusca nas temperaturas come\u00e7a a se deslocar para o Oceano Atl\u00e2ntico, perdendo for\u00e7a sobre o continente.&#13;\n<\/p>\n<p style=\"text-align:justify\">Segundo dados do Agrolink, este epis\u00f3dio foi o quarto e mais severo do ano at\u00e9 agora, com registros de at\u00e9 5\u00a0\u00b0C abaixo da m\u00e9dia climatol\u00f3gica em diversas regi\u00f5es do Sul, Sudeste e Centro-Oeste do pa\u00eds. Tecnicamente, esse comportamento configura o fen\u00f4meno como uma \u201conda de frio\u201d, com noites e madrugadas especialmente geladas e risco de geadas nas serras do Sul nos pr\u00f3ximos dias.<\/p>\n<p style=\"text-align:justify\">Diferente dos \u00faltimos anos, marcados por invernos amenos sob influ\u00eancia do El Ni\u00f1o, o inverno de 2025 se apresenta mais rigoroso. Com a neutralidade clim\u00e1tica vigente, as condi\u00e7\u00f5es atuais se aproximam mais do que \u00e9 esperado para esta \u00e9poca do ano, permitindo incurs\u00f5es mais frequentes de ar polar \u2014 embora sem extremos fora do comum.&#13;\n<\/p>\n<p style=\"text-align:justify\"><a href=\"https:\/\/www.agrolink.com.br\/agrotempo?utm_source=agrolink-detalhe-noticia&amp;utm_medium=detalhe-noticia&amp;utm_campaign=links-internos\" target=\"_blank\" rel=\"noopener\">Clique aqui e acesse AGROTEMPO<\/a><\/p>\n<p style=\"text-align:justify\">As previs\u00f5es indicam que, ap\u00f3s a primeira semana de julho, o padr\u00e3o clim\u00e1tico mudar\u00e1. Um bloqueio atmosf\u00e9rico dificultar\u00e1 a entrada de novas frentes frias com a mesma intensidade. Com isso, o tempo seco deve predominar e as temperaturas tendem a se manter mais amenas ou at\u00e9 mesmo acima da m\u00e9dia em boa parte do centro-sul do pa\u00eds.<\/p>\n<p style=\"text-align:justify\">Apesar disso, n\u00e3o se descarta a possibilidade de uma ou duas novas massas de ar frio na segunda metade do m\u00eas. No entanto, Gabriel destaca que essas incurs\u00f5es devem ser menos intensas do que o evento atual, sinalizando um padr\u00e3o de contrastes ao longo do m\u00eas: frio rigoroso no in\u00edcio e tempo mais est\u00e1vel e quente no final.&#13;\n<\/p>\n<p style=\"text-align:justify\">Com o avan\u00e7o do inverno e a influ\u00eancia de padr\u00f5es atmosf\u00e9ricos neutros, os produtores rurais devem permanecer atentos \u00e0s varia\u00e7\u00f5es bruscas no clima. A oscila\u00e7\u00e3o entre frio extremo e temperaturas elevadas pode impactar diretamente no desenvolvimento de culturas agr\u00edcolas e na produtividade do campo.<\/p>\n<\/p><\/div>\n<p><script data-cfasync=\"false\">\n    !function (f, b, e, v, n, t, s) {\n        if (f.fbq) return; n = f.fbq = function () {\n            n.callMethod ?\n                n.callMethod.apply(n, arguments) : n.queue.push(arguments)\n        };\n        if (!f._fbq) f._fbq = n; n.push = n; n.loaded = !0; n.version = '2.0';\n        n.queue = []; t = b.createElement(e); t.async = !0;\n        t.src = v; s = b.getElementsByTagName(e)[0];\n        s.parentNode.insertBefore(t, s)\n    }(window, document, 'script',\n        'https:\/\/connect.facebook.net\/en_US\/fbevents.js');\n    fbq('init', '522546078623747');\n    fbq('track', 'PageView');\n<\/script><br \/>\n<br \/><br \/>\n<br \/><a href=\"https:\/\/www.agrolink.com.br\/noticias\/frio-esta-com-os-dias-contados--julho-tera-clima-mais-seco-e-ameno_503516.html\">Source link <\/a><\/p>\n","protected":false},"excerpt":{"rendered":"<p>A onda de frio mais intensa do ano est\u00e1 com os dias contados no Brasil. De acordo com o meteorologista<\/p>\n","protected":false},"author":1,"featured_media":16080,"comment_status":"open","ping_status":"open","sticky":false,"template":"","format":"standard","meta":{"_monsterinsights_skip_tracking":false,"_monsterinsights_sitenote_active":false,"_monsterinsights_sitenote_note":"","_monsterinsights_sitenote_category":0,"_uf_show_specific_survey":0,"_uf_disable_surveys":false,"footnotes":""},"categories":[8,1,14],"tags":[],"class_list":["post-16079","post","type-post","status-publish","format-standard","has-post-thumbnail","hentry","category-agro","category-news","category-politica-agro"],"_links":{"self":[{"href":"https:\/\/agromt.news\/index.php?rest_route=\/wp\/v2\/posts\/16079"}],"collection":[{"href":"https:\/\/agromt.news\/index.php?rest_route=\/wp\/v2\/posts"}],"about":[{"href":"https:\/\/agromt.news\/index.php?rest_route=\/wp\/v2\/types\/post"}],"author":[{"embeddable":true,"href":"https:\/\/agromt.news\/index.php?rest_route=\/wp\/v2\/users\/1"}],"replies":[{"embeddable":true,"href":"https:\/\/agromt.news\/index.php?rest_route=%2Fwp%2Fv2%2Fcomments&post=16079"}],"version-history":[{"count":0,"href":"https:\/\/agromt.news\/index.php?rest_route=\/wp\/v2\/posts\/16079\/revisions"}],"wp:featuredmedia":[{"embeddable":true,"href":"https:\/\/agromt.news\/index.php?rest_route=\/wp\/v2\/media\/16080"}],"wp:attachment":[{"href":"https:\/\/agromt.news\/index.php?rest_route=%2Fwp%2Fv2%2Fmedia&parent=16079"}],"wp:term":[{"taxonomy":"category","embeddable":true,"href":"https:\/\/agromt.news\/index.php?rest_route=%2Fwp%2Fv2%2Fcategories&post=16079"},{"taxonomy":"post_tag","embeddable":true,"href":"https:\/\/agromt.news\/index.php?rest_route=%2Fwp%2Fv2%2Ftags&post=16079"}],"curies":[{"name":"wp","href":"https:\/\/api.w.org\/{rel}","templated":true}]}}