{"id":16077,"date":"2025-07-02T21:25:46","date_gmt":"2025-07-03T01:25:46","guid":{"rendered":"https:\/\/agromt.news\/?p=16077"},"modified":"2025-07-02T21:25:46","modified_gmt":"2025-07-03T01:25:46","slug":"farelo-de-soja-tem-queda-em-mato-grosso-com-aumento-da-oferta","status":"publish","type":"post","link":"https:\/\/agromt.news\/?p=16077","title":{"rendered":"Farelo de soja tem queda em Mato Grosso com aumento da oferta"},"content":{"rendered":"<p> <br \/>\n<\/p>\n<div>\n<div class=\"row\">\n<div class=\"col-lg col-infos mt-0 mt-lg-0\">\n<div class=\"section-sub-title\">\n<p itemprop=\"description\">&#13;<br \/>\n                                Farelo de soja caiu 1,51% no estado&#13;\n                            <\/p>\n<\/p><\/div>\n<div class=\"container\">\n<div class=\"row\">\n<div class=\"col-lg p-0\">\n<div>\n<div class=\"block-news-main-infos mt-3 text-start\">\n<p>                                            <strong class=\"fn\" itemprop=\"author\" style=\"color: rgb(112, 112, 112); \">&#13;<br \/>\n                                                <a href=\"https:\/\/www.agrolink.com.br\/noticias\/javascript:;\" class=\"text-uppercase\" target=\"_blank\" style=\"color: rgb(112, 112, 112); \" rel=\"noopener\">Agrolink<\/a>&#13;<br \/>\n&#13;<br \/>\n                                                    &#8211; Aline Merladete&#13;<br \/>\n&#13;<br \/>\n                                            <\/strong><br \/>\n                                        <\/p>\n<p>                                            <abbr><time datetime=\"2025-07-02T14:43\" itemprop=\"datePublished dateModified\">Publicado em 02\/07\/2025 \u00e0s 14:43h.<\/time><\/abbr><br \/>\n                                            <\/p><\/div>\n<\/p><\/div>\n<\/p><\/div>\n<div class=\"col-lg p-0 text-lg-end\">\n<div>\n<div id=\"mdEnviarPagina\" class=\"modal fade\" role=\"dialog\">\n<div class=\"modal-dialog\">\n<div class=\"modal-content\">\n<div class=\"modal-body\">\n<p><strong>Estimado usu\u00e1rio.<\/strong><br \/>Preencha o formul\u00e1rio abaixo para remeter a p\u00e1gina.<\/p>\n<\/p><\/div>\n<\/p><\/div>\n<\/p><\/div>\n<\/div><\/div>\n<\/p><\/div>\n<\/p><\/div>\n<\/p><\/div>\n<\/p><\/div>\n<\/p><\/div>\n<div class=\"row justify-content-md-center mt-3\">\n<div class=\"col-lg-auto col-image block-news-main-image\">\n<p>                                <img decoding=\"async\" src=\"https:\/\/www.agrolink.com.br\/upload\/imagens-resizes\/aa8bd3a7b478490dbc0e8a0f7a1e1427_858x483.jpg\" class=\"lazyload img-fluid\"\/><br \/>\n                                                <span class=\"publicity-photo d-block mt-1\">Foto: Leonardo Gottems<\/span><\/p><\/div>\n<\/p><\/div>\n<div class=\"section-description section-description-noticias mt-3\">\n<p style=\"text-align:justify\">Os pre\u00e7os do farelo e do \u00f3leo de <a href=\"https:\/\/www.agrolink.com.br\/culturas\/soja?utm_source=agrolink-detalhe-noticia&amp;utm_medium=detalhe-noticia&amp;utm_campaign=links-internos\" target=\"_blank\" rel=\"noopener\">soja<\/a> registraram queda na \u00faltima semana em Mato Grosso, refletindo o comportamento dos mercados internacional e interno. Segundo informa\u00e7\u00f5es do boletim informativo do Instituto Mato-grossense de Economia Agropecu\u00e1ria (Imea), o recuo est\u00e1 diretamente ligado \u00e0 maior oferta de derivados da <a href=\"https:\/\/www.agrolink.com.br\/culturas\/soja?utm_source=agrolink-detalhe-noticia&amp;utm_medium=detalhe-noticia&amp;utm_campaign=links-internos\" target=\"_blank\" rel=\"noopener\">soja<\/a> e \u00e0 press\u00e3o negativa do petr\u00f3leo no cen\u00e1rio global.&#13;\n<\/p>\n<p style=\"text-align:justify\">De acordo com o Imea, o farelo de soja caiu 1,51% no estado, encerrando a semana com m\u00e9dia de R$ 1.537,75 por tonelada. A retra\u00e7\u00e3o acompanhou o aumento da oferta do proteico no mercado local, al\u00e9m da queda de 2,17% na cota\u00e7\u00e3o do produto na Bolsa de Chicago (CBOT), que fechou cotada em US$ 278,25 por tonelada.<\/p>\n<p style=\"text-align:justify\">O \u00f3leo de soja tamb\u00e9m apresentou recuo, com desvaloriza\u00e7\u00e3o de 0,25% no mercado mato-grossense. A m\u00e9dia semanal ficou em R$ 5.757,33 por tonelada. A queda foi influenciada principalmente pelo recuo de 4,45% nas cota\u00e7\u00f5es da CME Group, que fecharam em US$ 52,34 por libra-peso, puxadas pela redu\u00e7\u00e3o no pre\u00e7o do petr\u00f3leo Brent.&#13;\n<\/p>\n<p style=\"text-align:justify\">Apesar das press\u00f5es recentes, o valor do \u00f3leo de soja ainda se mant\u00e9m elevado em rela\u00e7\u00e3o ao ano passado. Conforme dados do Imea, a cota\u00e7\u00e3o atual est\u00e1 28,66% acima do registrado no mesmo per\u00edodo de 2024, evidenciando que o mercado ainda encontra sustenta\u00e7\u00e3o em fundamentos como a demanda por biocombust\u00edveis.<\/p>\n<p style=\"text-align:justify\">Nesse contexto, a aprova\u00e7\u00e3o da mistura B15 \u2014 que aumenta a propor\u00e7\u00e3o de biodiesel no diesel comercializado no pa\u00eds \u2014 deve estimular a demanda por \u00f3leo de soja nos pr\u00f3ximos meses. Essa mudan\u00e7a pode se tornar um fator de suporte aos pre\u00e7os no estado, mesmo diante de oscila\u00e7\u00f5es externas.\u00a0&#13;\n<\/p>\n<\/p><\/div>\n<\/p><\/div>\n<p><script data-cfasync=\"false\">\n    !function (f, b, e, v, n, t, s) {\n        if (f.fbq) return; n = f.fbq = function () {\n            n.callMethod ?\n                n.callMethod.apply(n, arguments) : n.queue.push(arguments)\n        };\n        if (!f._fbq) f._fbq = n; n.push = n; n.loaded = !0; n.version = '2.0';\n        n.queue = []; t = b.createElement(e); t.async = !0;\n        t.src = v; s = b.getElementsByTagName(e)[0];\n        s.parentNode.insertBefore(t, s)\n    }(window, document, 'script',\n        'https:\/\/connect.facebook.net\/en_US\/fbevents.js');\n    fbq('init', '522546078623747');\n    fbq('track', 'PageView');\n<\/script><br \/>\n<br \/><br \/>\n<br \/><a href=\"https:\/\/www.agrolink.com.br\/noticias\/farelo-de-soja-tem-queda-em-mato-grosso-com-aumento-da-oferta_503518.html\">Source link <\/a><\/p>\n","protected":false},"excerpt":{"rendered":"<p>&#13; Farelo de soja caiu 1,51% no estado&#13; &#13; Agrolink&#13; &#13; &#8211; Aline Merladete&#13; &#13; Publicado em 02\/07\/2025 \u00e0s 14:43h.<\/p>\n","protected":false},"author":1,"featured_media":1507,"comment_status":"open","ping_status":"open","sticky":false,"template":"","format":"standard","meta":{"_monsterinsights_skip_tracking":false,"_monsterinsights_sitenote_active":false,"_monsterinsights_sitenote_note":"","_monsterinsights_sitenote_category":0,"_uf_show_specific_survey":0,"_uf_disable_surveys":false,"footnotes":""},"categories":[8,1,14],"tags":[],"class_list":["post-16077","post","type-post","status-publish","format-standard","has-post-thumbnail","hentry","category-agro","category-news","category-politica-agro"],"_links":{"self":[{"href":"https:\/\/agromt.news\/index.php?rest_route=\/wp\/v2\/posts\/16077"}],"collection":[{"href":"https:\/\/agromt.news\/index.php?rest_route=\/wp\/v2\/posts"}],"about":[{"href":"https:\/\/agromt.news\/index.php?rest_route=\/wp\/v2\/types\/post"}],"author":[{"embeddable":true,"href":"https:\/\/agromt.news\/index.php?rest_route=\/wp\/v2\/users\/1"}],"replies":[{"embeddable":true,"href":"https:\/\/agromt.news\/index.php?rest_route=%2Fwp%2Fv2%2Fcomments&post=16077"}],"version-history":[{"count":0,"href":"https:\/\/agromt.news\/index.php?rest_route=\/wp\/v2\/posts\/16077\/revisions"}],"wp:featuredmedia":[{"embeddable":true,"href":"https:\/\/agromt.news\/index.php?rest_route=\/wp\/v2\/media\/1507"}],"wp:attachment":[{"href":"https:\/\/agromt.news\/index.php?rest_route=%2Fwp%2Fv2%2Fmedia&parent=16077"}],"wp:term":[{"taxonomy":"category","embeddable":true,"href":"https:\/\/agromt.news\/index.php?rest_route=%2Fwp%2Fv2%2Fcategories&post=16077"},{"taxonomy":"post_tag","embeddable":true,"href":"https:\/\/agromt.news\/index.php?rest_route=%2Fwp%2Fv2%2Ftags&post=16077"}],"curies":[{"name":"wp","href":"https:\/\/api.w.org\/{rel}","templated":true}]}}