{"id":16074,"date":"2025-07-02T19:39:24","date_gmt":"2025-07-02T23:39:24","guid":{"rendered":"https:\/\/agromt.news\/?p=16074"},"modified":"2025-07-02T19:39:24","modified_gmt":"2025-07-02T23:39:24","slug":"tres-capitais-tiveram-a-tarde-mais-fria-do-ano-nesta-quarta-feira","status":"publish","type":"post","link":"https:\/\/agromt.news\/?p=16074","title":{"rendered":"Tr\u00eas capitais tiveram a tarde mais fria do ano nesta quarta-feira"},"content":{"rendered":"<p> <br \/>\n<br \/><img decoding=\"async\" src=\"https:\/\/agromt.news\/wp-content\/uploads\/2025\/07\/Tres-capitais-tiveram-a-tarde-mais-fria-do-ano-nesta.jpg\" \/><\/p>\n<div>\n<p>A tarde de 2 de julho foi a mais fria de 2025 at\u00e9 agora em S\u00e3o Paulo, no Rio de Janeiro e em Curitiba, no Paran\u00e1, de acordo com a Climatempo.<\/p>\n<div data-icp-cta=\"1\" id=\"icp-cta-unique\">Voc\u00ea quer entender como usar o clima a seu favor?<b> <\/b><a href=\"https:\/\/climacampo.canalrural.com.br\/climacampo_-01\">Preparamos um e-book exclusivo<\/a> para ajudar produtores rurais a se antecipar \u00e0s mudan\u00e7as do tempo e planejar melhor suas a\u00e7\u00f5es. Com base em previs\u00f5es meteorol\u00f3gicas confi\u00e1veis, ele oferece orienta\u00e7\u00f5es pr\u00e1ticas para proteger sua lavoura e otimizar seus resultados.<\/div>\n<p>As tr\u00eas capitais experimentaram uma combina\u00e7\u00e3o de condi\u00e7\u00f5es meteorol\u00f3gicas que s\u00e3o ideais para causar tardes muito frias: c\u00e9u nublado e a presen\u00e7a de muito ar frio de origem polar.<\/p>\n<p>Em Curitiba, o recorde de menor temperatura m\u00e1xima foi batido pelo segundo dia consecutivo. A m\u00e1xima foi de apenas 7,2 graus pela medi\u00e7\u00e3o do Instituto Nacional de Meteorologia <strong><a href=\"https:\/\/www.canalrural.com.br\/tag\/INMET\/\">(Inmet)<\/a><\/strong>. Ontem foi de 8,9\u00b0C.<\/p>\n<\/div>\n<div>\n<p>J\u00e1 em S\u00e3o Paulo, o novo recorde de menor temperatura m\u00e1xima foi batido pelo segundo dia consecutivo com a marca de 13\u00b0C. At\u00e9 ent\u00e3o, o menor n\u00famero havia sido ter\u00e7a (1), com 16,1\u00b0C. Segundo a Climatempo, a popula\u00e7\u00e3o da capital paulista viveu a tarde mais fria desde 2013.<\/p>\n<p>No Rio de Janeiro, a temperatura m\u00e1xima nesta ter\u00e7a-feira foi de apenas 19,6\u00b0C, na regi\u00e3o de Jacarepagu\u00e1, pela medi\u00e7\u00e3o do Inmet. Para os padr\u00f5es clim\u00e1ticos da capital fluminense, uma tarde com a m\u00e1xima dos term\u00f4metros abaixo de 20\u00b0C \u00e9 muito fora do comum. O recorde anterior havia sido em 12 de junho, com 20,1\u00b0C.<\/p>\n<\/p><\/div>\n<p><br \/>\n<br \/><a href=\"https:\/\/www.canalrural.com.br\/tempo\/tres-capitais-tiveram-a-tarde-mais-fria-do-ano-nesta-quarta-feira\/\">Source link <\/a><\/p>\n","protected":false},"excerpt":{"rendered":"<p>A tarde de 2 de julho foi a mais fria de 2025 at\u00e9 agora em S\u00e3o Paulo, no Rio de<\/p>\n","protected":false},"author":1,"featured_media":16075,"comment_status":"open","ping_status":"open","sticky":false,"template":"","format":"standard","meta":{"_monsterinsights_skip_tracking":false,"_monsterinsights_sitenote_active":false,"_monsterinsights_sitenote_note":"","_monsterinsights_sitenote_category":0,"_uf_show_specific_survey":0,"_uf_disable_surveys":false,"footnotes":""},"categories":[1],"tags":[],"class_list":["post-16074","post","type-post","status-publish","format-standard","has-post-thumbnail","hentry","category-news"],"_links":{"self":[{"href":"https:\/\/agromt.news\/index.php?rest_route=\/wp\/v2\/posts\/16074"}],"collection":[{"href":"https:\/\/agromt.news\/index.php?rest_route=\/wp\/v2\/posts"}],"about":[{"href":"https:\/\/agromt.news\/index.php?rest_route=\/wp\/v2\/types\/post"}],"author":[{"embeddable":true,"href":"https:\/\/agromt.news\/index.php?rest_route=\/wp\/v2\/users\/1"}],"replies":[{"embeddable":true,"href":"https:\/\/agromt.news\/index.php?rest_route=%2Fwp%2Fv2%2Fcomments&post=16074"}],"version-history":[{"count":0,"href":"https:\/\/agromt.news\/index.php?rest_route=\/wp\/v2\/posts\/16074\/revisions"}],"wp:featuredmedia":[{"embeddable":true,"href":"https:\/\/agromt.news\/index.php?rest_route=\/wp\/v2\/media\/16075"}],"wp:attachment":[{"href":"https:\/\/agromt.news\/index.php?rest_route=%2Fwp%2Fv2%2Fmedia&parent=16074"}],"wp:term":[{"taxonomy":"category","embeddable":true,"href":"https:\/\/agromt.news\/index.php?rest_route=%2Fwp%2Fv2%2Fcategories&post=16074"},{"taxonomy":"post_tag","embeddable":true,"href":"https:\/\/agromt.news\/index.php?rest_route=%2Fwp%2Fv2%2Ftags&post=16074"}],"curies":[{"name":"wp","href":"https:\/\/api.w.org\/{rel}","templated":true}]}}