{"id":16071,"date":"2025-07-02T19:25:24","date_gmt":"2025-07-02T23:25:24","guid":{"rendered":"https:\/\/agromt.news\/?p=16071"},"modified":"2025-07-02T19:25:24","modified_gmt":"2025-07-02T23:25:24","slug":"rafa-kalimann-erra-animal-e-web-reage-e-bode-ou-carneiro","status":"publish","type":"post","link":"https:\/\/agromt.news\/?p=16071","title":{"rendered":"Rafa Kalimann erra animal e web reage: \u00e9 bode ou carneiro?"},"content":{"rendered":"<p> <br \/>\n<\/p>\n<div>\n<p>O mundo das celebridades e do agro se cruzou em um momento inusitado: Rafa Kalimann recebeu um animal de presente do cantor Nattan ap\u00f3s um show. Mas ao compartilhar o acontecimento em suas redes sociais, os f\u00e3s do casal levantaram uma quest\u00e3o que deixou a influenciadora sem respostas:  ser\u00e1 que \u00e9 um <strong>bode<\/strong> ou um <strong>carneiro<\/strong>?<\/p>\n<figure class=\"wp-block-video\"><video controls=\"\" src=\"https:\/\/imagens-cdn.canalrural.com.br\/2025\/07\/202507021550.mp4\" class=\"mcloud-attachment-4107594\"\/><figcaption class=\"wp-element-caption\">Reprodu\u00e7\u00e3o: @<a href=\"https:\/\/www.instagram.com\/rafakalimann\/?hl=pt-br#\">rafakalimann<\/a><\/figcaption><\/figure>\n<p>O v\u00eddeo viralizou nas redes sociais e gerou milhares de rea\u00e7\u00f5es bem-humoradas. Mas, afinal, como saber a diferen\u00e7a?<\/p>\n<p>A situa\u00e7\u00e3o, al\u00e9m de divertida, abriu espa\u00e7o para um debate importante: a maioria das pessoas que vive em \u00e1reas urbanas tem pouco ou nenhum contato com animais de produ\u00e7\u00e3o e, por isso, confus\u00f5es como essa s\u00e3o mais comuns do que se imagina.<\/p>\n<h2 class=\"wp-block-heading\" id=\"h-quais-as-diferencas-entre-bode-e-carneiro\">Quais as diferen\u00e7as entre bode e carneiro?<\/h2>\n<p>Apesar de visualmente semelhantes \u00e0 primeira vista, bode e carneiro pertencem a esp\u00e9cies diferentes. O <strong>bode<\/strong> \u00e9 o macho da <strong>cabra<\/strong> (esp\u00e9cie caprina), enquanto o <strong>carneiro<\/strong> \u00e9 o macho da <strong>ovelha<\/strong> (esp\u00e9cie ovina).<\/p>\n<p>A principal diferen\u00e7a est\u00e1 na anatomia do animal:<\/p>\n<ul class=\"wp-block-list\">\n<li><strong>Bodes<\/strong> costumam ter barba, rabo para cima e corpo mais esguio.<\/li>\n<li><strong>Carneiros<\/strong> t\u00eam o corpo mais robusto, rabo para baixo e, em algumas ra\u00e7as, l\u00e3 cobrindo boa parte do corpo.<\/li>\n<li>Orelhas e chifres tamb\u00e9m variam de acordo com a ra\u00e7a, mas em geral os <strong>bodes t\u00eam orelhas mais eretas<\/strong> e os <strong>carneiros t\u00eam orelhas ca\u00eddas<\/strong>.<\/li>\n<\/ul>\n<\/div>\n<div>\n<p>A semelhan\u00e7a no porte f\u00edsico, nas cores da pelagem e nos chifres pode enganar. Em v\u00eddeos curtos ou imagens, como no caso de Rafa Kalimann, a distin\u00e7\u00e3o fica ainda mais dif\u00edcil.<\/p>\n<p><a href=\"https:\/\/www.youtube.com\/watch?v=mOcVk9rH9mo\">Veja tamb\u00e9m: Cordeiro, borrego ou carneiro: qual \u00e9 ideal para consumo?<\/a><\/p>\n<h2 class=\"wp-block-heading\" id=\"h-santa-ines-em-cena-o-possivel-protagonista-da-confusao\"><strong>Santa In\u00eas em cena: o poss\u00edvel protagonista da confus\u00e3o<\/strong><\/h2>\n<p>Ao analisarmos as imagens divulgadas por Rafa Kalimann, identificamos que o animal presenteado parece ser um <strong>carneiro da ra\u00e7a Santa In\u00eas<\/strong>, uma das mais criadas no Brasil para produ\u00e7\u00e3o de carne. <\/p>\n<h2 class=\"wp-block-heading\" id=\"h-entre-risadas-e-curiosidade-um-final-feliz-no-mundo-agro\">Entre risadas e curiosidade, um final feliz no mundo agro<\/h2>\n<p>Independentemente de ser bode ou carneiro, caprino ou ovino, uma coisa \u00e9 certa, o nome do novo integrante da fazenda j\u00e1 foi escolhido: <strong>Joquim<\/strong>. Rafa Kalimann contou que o animal ser\u00e1 criado com carinho no campo. No fim das contas, a d\u00favida virou aprendizado, rendeu boas risadas e aproximou ainda mais o p\u00fablico urbano do universo rural. Porque no agro, at\u00e9 uma confus\u00e3o pode virar oportunidade de ensinar.<\/p>\n<p><a href=\"https:\/\/www.canalrural.com.br\/agricultura\/projeto-soja-brasil\/voce-sabe-a-diferenca-entre-tempestade-temporal-e-tempo-severo\/\">Leia tamb\u00e9m: Voc\u00ea sabe a diferen\u00e7a entre tempestade, temporal e tempo severo?<\/a><\/p>\n<\/p><\/div>\n<p><script async src=\"\/\/www.instagram.com\/embed.js\"><\/script><br \/>\n<br \/><br \/>\n<br \/><a href=\"https:\/\/www.canalrural.com.br\/diversos\/rafa-kalimann-bode-ou-carneiro\/\">Source link <\/a><\/p>\n","protected":false},"excerpt":{"rendered":"<p>O mundo das celebridades e do agro se cruzou em um momento inusitado: Rafa Kalimann recebeu um animal de presente<\/p>\n","protected":false},"author":1,"featured_media":16072,"comment_status":"open","ping_status":"open","sticky":false,"template":"","format":"standard","meta":{"_monsterinsights_skip_tracking":false,"_monsterinsights_sitenote_active":false,"_monsterinsights_sitenote_note":"","_monsterinsights_sitenote_category":0,"_uf_show_specific_survey":0,"_uf_disable_surveys":false,"footnotes":""},"categories":[1],"tags":[],"class_list":["post-16071","post","type-post","status-publish","format-standard","has-post-thumbnail","hentry","category-news"],"_links":{"self":[{"href":"https:\/\/agromt.news\/index.php?rest_route=\/wp\/v2\/posts\/16071"}],"collection":[{"href":"https:\/\/agromt.news\/index.php?rest_route=\/wp\/v2\/posts"}],"about":[{"href":"https:\/\/agromt.news\/index.php?rest_route=\/wp\/v2\/types\/post"}],"author":[{"embeddable":true,"href":"https:\/\/agromt.news\/index.php?rest_route=\/wp\/v2\/users\/1"}],"replies":[{"embeddable":true,"href":"https:\/\/agromt.news\/index.php?rest_route=%2Fwp%2Fv2%2Fcomments&post=16071"}],"version-history":[{"count":0,"href":"https:\/\/agromt.news\/index.php?rest_route=\/wp\/v2\/posts\/16071\/revisions"}],"wp:featuredmedia":[{"embeddable":true,"href":"https:\/\/agromt.news\/index.php?rest_route=\/wp\/v2\/media\/16072"}],"wp:attachment":[{"href":"https:\/\/agromt.news\/index.php?rest_route=%2Fwp%2Fv2%2Fmedia&parent=16071"}],"wp:term":[{"taxonomy":"category","embeddable":true,"href":"https:\/\/agromt.news\/index.php?rest_route=%2Fwp%2Fv2%2Fcategories&post=16071"},{"taxonomy":"post_tag","embeddable":true,"href":"https:\/\/agromt.news\/index.php?rest_route=%2Fwp%2Fv2%2Ftags&post=16071"}],"curies":[{"name":"wp","href":"https:\/\/api.w.org\/{rel}","templated":true}]}}