{"id":16070,"date":"2025-07-02T19:11:39","date_gmt":"2025-07-02T23:11:39","guid":{"rendered":"https:\/\/agromt.news\/?p=16070"},"modified":"2025-07-02T19:11:39","modified_gmt":"2025-07-02T23:11:39","slug":"preco-da-arroba-do-boi-gordo-segue-movimento-de-baixa-confira-cotacoes","status":"publish","type":"post","link":"https:\/\/agromt.news\/?p=16070","title":{"rendered":"Pre\u00e7o da arroba do boi gordo segue movimento de baixa; confira cota\u00e7\u00f5es"},"content":{"rendered":"<p> <br \/>\n<br \/><img decoding=\"async\" src=\"https:\/\/agromt.news\/wp-content\/uploads\/2024\/09\/manejo-da-sanidade-reproducao-touros-vacas-estacao-de-monta.jpg\" \/><\/p>\n<div>\n<p>O mercado f\u00edsico do boi gordo volta a apresentar pre\u00e7os mais fracos na maioria das regi\u00f5es.<\/p>\n<p>Segundo o analista da consultoria Safras &amp; Mercado Fernando Henrique Iglesias, o crescimento da oferta \u00e9 a grande justificativa para o movimento, considerando a chegada da frente fria, que trouxe ao mercado oferta residual de animais terminados a pasto.<\/p>\n<p>\u201cA expectativa \u00e9 de boa disponibilidade de animais terminados em regime intensivo no decorrer de julho, com boa incid\u00eancia de animais de parceria (contratos a termo), al\u00e9m da utiliza\u00e7\u00e3o de confinamento pr\u00f3prio\u201d, disse.<\/p>\n<p>De acordo com ele, por outro lado, as exporta\u00e7\u00f5es agressivas de carne bovina s\u00e3o a grande vari\u00e1vel sob o prisma da demanda, reduzindo a intensidade do movimento de queda nos pre\u00e7os da arroba do boi gordo.<\/p>\n<\/div>\n<div>\n<ul class=\"wp-block-list\">\n<li><strong>S\u00e3o Paulo:<\/strong> R$ 311,67 \u2014 ontem: R$ 315,08 <\/li>\n<li><strong>Goi\u00e1s:<\/strong> R$ 293,75 \u2014 R$ 294,64\u00a0<\/li>\n<li><strong>Minas Gerais:<\/strong> R$ 299,41 \u2014 R$ 299,71<\/li>\n<li><strong>Mato Grosso do Sul:<\/strong> R$ 312,39 \u2014 R$ 313,52<\/li>\n<li><strong>Mato Grosso:<\/strong> R$ 317,30 \u2014 R$ 318,11<\/li>\n<\/ul>\n<h2 class=\"wp-block-heading\" id=\"h-mercado-atacadista\">Mercado atacadista<\/h2>\n<p>O mercado atacadista volta a se deparar com pre\u00e7os acomodados para a carne bovina. Segundo Iglesias, o ambiente de neg\u00f3cios ainda sugere por alguma eleva\u00e7\u00e3o dos pre\u00e7os no curto prazo, em linha com a entrada dos sal\u00e1rios na economia, motivando a reposi\u00e7\u00e3o entre atacado e varejo. <\/p>\n<p>\u201cMas vale destacar que o baixo poder de compra da popula\u00e7\u00e3o brasileira ainda direciona a demanda para prote\u00ednas mais acess\u00edveis, a exemplo da <strong><a href=\"https:\/\/www.canalrural.com.br\/tag\/frango\/\">carne de frango<\/a><\/strong>, ovos e embutidos\u201d, pontuou Iglesias.<\/p>\n<p>O quarto traseiro permanece precificado a R$ 23 por quilo, o dianteiro ainda \u00e9 cotado a R$ 19 por quilo e a ponta de agulha segue precificada a R$ 18,50 por quilo.<\/p>\n<h2 class=\"wp-block-heading\" id=\"h-cambio\">C\u00e2mbio<\/h2>\n<p>O d\u00f3lar comercial encerrou a sess\u00e3o em baixa de 0,75%, sendo negociado a R$ 5,4186 para venda e a R$ 5,4166 para compra. Durante o dia, a moeda norte-americana oscilou entre a m\u00ednima de R$ 5,4156 e a m\u00e1xima de R$ 5,4807.<\/p>\n<\/p><\/div>\n<p><br \/>\n<br \/><a href=\"https:\/\/www.canalrural.com.br\/pecuaria\/preco-da-arroba-do-boi-gordo-segue-movimento-de-baixa-confira-cotacoes\/\">Source link <\/a><\/p>\n","protected":false},"excerpt":{"rendered":"<p>O mercado f\u00edsico do boi gordo volta a apresentar pre\u00e7os mais fracos na maioria das regi\u00f5es. Segundo o analista da<\/p>\n","protected":false},"author":1,"featured_media":2033,"comment_status":"open","ping_status":"open","sticky":false,"template":"","format":"standard","meta":{"_monsterinsights_skip_tracking":false,"_monsterinsights_sitenote_active":false,"_monsterinsights_sitenote_note":"","_monsterinsights_sitenote_category":0,"_uf_show_specific_survey":0,"_uf_disable_surveys":false,"footnotes":""},"categories":[1],"tags":[],"class_list":["post-16070","post","type-post","status-publish","format-standard","has-post-thumbnail","hentry","category-news"],"_links":{"self":[{"href":"https:\/\/agromt.news\/index.php?rest_route=\/wp\/v2\/posts\/16070"}],"collection":[{"href":"https:\/\/agromt.news\/index.php?rest_route=\/wp\/v2\/posts"}],"about":[{"href":"https:\/\/agromt.news\/index.php?rest_route=\/wp\/v2\/types\/post"}],"author":[{"embeddable":true,"href":"https:\/\/agromt.news\/index.php?rest_route=\/wp\/v2\/users\/1"}],"replies":[{"embeddable":true,"href":"https:\/\/agromt.news\/index.php?rest_route=%2Fwp%2Fv2%2Fcomments&post=16070"}],"version-history":[{"count":0,"href":"https:\/\/agromt.news\/index.php?rest_route=\/wp\/v2\/posts\/16070\/revisions"}],"wp:featuredmedia":[{"embeddable":true,"href":"https:\/\/agromt.news\/index.php?rest_route=\/wp\/v2\/media\/2033"}],"wp:attachment":[{"href":"https:\/\/agromt.news\/index.php?rest_route=%2Fwp%2Fv2%2Fmedia&parent=16070"}],"wp:term":[{"taxonomy":"category","embeddable":true,"href":"https:\/\/agromt.news\/index.php?rest_route=%2Fwp%2Fv2%2Fcategories&post=16070"},{"taxonomy":"post_tag","embeddable":true,"href":"https:\/\/agromt.news\/index.php?rest_route=%2Fwp%2Fv2%2Ftags&post=16070"}],"curies":[{"name":"wp","href":"https:\/\/api.w.org\/{rel}","templated":true}]}}