{"id":16064,"date":"2025-07-02T18:09:59","date_gmt":"2025-07-02T22:09:59","guid":{"rendered":"https:\/\/agromt.news\/?p=16064"},"modified":"2025-07-02T18:09:59","modified_gmt":"2025-07-02T22:09:59","slug":"mesmo-com-todos-os-problemas-taxas-de-custeio-do-plano-safra-ainda-valem-a-pena-diz-cogo","status":"publish","type":"post","link":"https:\/\/agromt.news\/?p=16064","title":{"rendered":"Mesmo com todos os problemas, taxas de custeio do Plano Safra ainda valem a pena, diz Cogo"},"content":{"rendered":"<p> <br \/>\n<br \/><img decoding=\"async\" src=\"https:\/\/agromt.news\/wp-content\/uploads\/2024\/10\/BNDES-disponibiliza-mais-R-22-bilhoes-para-programas-do-Plano.jpeg\" \/><\/p>\n<div>\n<p>Os recursos do Plano Safra 2025\/26 para a agricultura empresarial s\u00e3o 1,5% superiores ao da temporada passada, com um aumento de quase R$ 8 bilh\u00f5es. Contudo, de acordo com o consultor em agroneg\u00f3cio e s\u00f3cio-diretor da Cogo Intelig\u00eancia em Agroneg\u00f3cio, Carlos Cogo, n\u00e3o se trata de um aumento real por conta da infla\u00e7\u00e3o acumulada no per\u00edodo, de 5,3%.<\/p>\n<p>O especialista tamb\u00e9m chamou aten\u00e7\u00e3o para a redu\u00e7\u00e3o de verba para a equaliza\u00e7\u00e3o de juros. O programa atual destina R$ 9,558 bilh\u00f5es \u00e0 subven\u00e7\u00e3o das linhas de cr\u00e9dito da Agricultura Familiar, enquanto mira outros R$ 3,942 bilh\u00f5es para a agricultura empresarial. Na safra anterior, esses recursos eram de R$ 10,43 bilh\u00f5es e R$ 5,94 bilh\u00f5es, respectivamente.<\/p>\n<p><iframe title=\"Especialista aponta avan\u00e7os e falhas no novo Plano Safra\" width=\"800\" height=\"450\" src=\"https:\/\/www.youtube.com\/embed\/A4iXwGGq9IE?feature=oembed\" frameborder=\"0\" allow=\"accelerometer; autoplay; clipboard-write; encrypted-media; gyroscope; picture-in-picture; web-share\" referrerpolicy=\"strict-origin-when-cross-origin\" allowfullscreen><\/iframe><noscript><iframe title=\"Especialista aponta avan\u00e7os e falhas no novo Plano Safra\" width=\"800\" height=\"450\" src=\"https:\/\/www.youtube.com\/embed\/A4iXwGGq9IE?feature=oembed\" frameborder=\"0\" allow=\"accelerometer; autoplay; clipboard-write; encrypted-media; gyroscope; picture-in-picture; web-share\" referrerpolicy=\"strict-origin-when-cross-origin\" allowfullscreen><\/iframe><\/noscript><\/p>\n<p>Cogo ressalta, tamb\u00e9m, que os juros atuais est\u00e3o entre os mais altos da hist\u00f3ria dos Planos Safras. \u201cIsso \u00e9 fruto de uma pol\u00edtica desajustada de gastos p\u00fablicos que excedem a arrecada\u00e7\u00e3o, embora a arrecada\u00e7\u00e3o seja recorde\u201d, refor\u00e7a.<\/p>\n<h2 class=\"wp-block-heading\" id=\"h-plano-safra-ainda-vale-a-pena\">Plano Safra ainda vale a pena?<\/h2>\n<p>O an\u00fancio do novo Plano Safra, feito nesta ter\u00e7a-feira (1), destinou aos m\u00e9dios produtores, por meio do Programa Nacional de Apoio ao M\u00e9dio Produtor Rural (Pronamp) R$ 69,18 bilh\u00f5es, com juros de 10% ao ano, ante 8% na safra anterior. <\/p>\n<\/div>\n<div>\n<p>Enquanto isso, para os demais produtores, as taxas de custeio sobem para 14%, e os juros dos investimentos variam de 8,5% a 13,5%. <\/p>\n<p>\u201cTaxa de custeio de at\u00e9 14% ao ano \u00e9 um juro incompat\u00edvel com a agricultura, incompat\u00edvel com o agroneg\u00f3cio, mas, tecnicamente falando como analista, ainda \u00e9 uma taxa de juro abaixo das praticadas pelo mercado. Uma CPR [C\u00e9dula de Produto Rural] tem taxas que v\u00e3o de 22% a 25% ao ano\u201d, ressalta. <\/p>\n<p>Com isso, Cogo destaca que ainda \u00e9 recomend\u00e1vel ao produtor buscar as linhas de custeio para produzir. \u201cComplemente a compra de insumos que ainda n\u00e3o foi feita porque os recursos, provavelmente, e novamente, como tem acontecido nos \u00faltimos anos, n\u00e3o v\u00e3o ser<br \/>totalmente liberados\u201d, alerta.<\/p>\n<\/p><\/div>\n<p><br \/>\n<br \/><a href=\"https:\/\/www.canalrural.com.br\/agricultura\/mesmo-com-todos-os-problemas-taxas-de-custeio-do-plano-safra-ainda-valem-a-pena-diz-cogo\/\">Source link <\/a><\/p>\n","protected":false},"excerpt":{"rendered":"<p>Os recursos do Plano Safra 2025\/26 para a agricultura empresarial s\u00e3o 1,5% superiores ao da temporada passada, com um aumento<\/p>\n","protected":false},"author":1,"featured_media":3785,"comment_status":"open","ping_status":"open","sticky":false,"template":"","format":"standard","meta":{"_monsterinsights_skip_tracking":false,"_monsterinsights_sitenote_active":false,"_monsterinsights_sitenote_note":"","_monsterinsights_sitenote_category":0,"_uf_show_specific_survey":0,"_uf_disable_surveys":false,"footnotes":""},"categories":[1],"tags":[],"class_list":["post-16064","post","type-post","status-publish","format-standard","has-post-thumbnail","hentry","category-news"],"_links":{"self":[{"href":"https:\/\/agromt.news\/index.php?rest_route=\/wp\/v2\/posts\/16064"}],"collection":[{"href":"https:\/\/agromt.news\/index.php?rest_route=\/wp\/v2\/posts"}],"about":[{"href":"https:\/\/agromt.news\/index.php?rest_route=\/wp\/v2\/types\/post"}],"author":[{"embeddable":true,"href":"https:\/\/agromt.news\/index.php?rest_route=\/wp\/v2\/users\/1"}],"replies":[{"embeddable":true,"href":"https:\/\/agromt.news\/index.php?rest_route=%2Fwp%2Fv2%2Fcomments&post=16064"}],"version-history":[{"count":0,"href":"https:\/\/agromt.news\/index.php?rest_route=\/wp\/v2\/posts\/16064\/revisions"}],"wp:featuredmedia":[{"embeddable":true,"href":"https:\/\/agromt.news\/index.php?rest_route=\/wp\/v2\/media\/3785"}],"wp:attachment":[{"href":"https:\/\/agromt.news\/index.php?rest_route=%2Fwp%2Fv2%2Fmedia&parent=16064"}],"wp:term":[{"taxonomy":"category","embeddable":true,"href":"https:\/\/agromt.news\/index.php?rest_route=%2Fwp%2Fv2%2Fcategories&post=16064"},{"taxonomy":"post_tag","embeddable":true,"href":"https:\/\/agromt.news\/index.php?rest_route=%2Fwp%2Fv2%2Ftags&post=16064"}],"curies":[{"name":"wp","href":"https:\/\/api.w.org\/{rel}","templated":true}]}}