{"id":16062,"date":"2025-07-02T17:32:10","date_gmt":"2025-07-02T21:32:10","guid":{"rendered":"https:\/\/agromt.news\/?p=16062"},"modified":"2025-07-02T17:32:10","modified_gmt":"2025-07-02T21:32:10","slug":"milho-mais-barato-pressiona-rentabilidade-em-mato-grosso","status":"publish","type":"post","link":"https:\/\/agromt.news\/?p=16062","title":{"rendered":"Milho mais barato pressiona rentabilidade em Mato Grosso"},"content":{"rendered":"<p> <br \/>\n<\/p>\n<div>\n<div class=\"row\">\n<div class=\"col-lg col-infos mt-0 mt-lg-0\">\n<div class=\"section-sub-title\">\n<p itemprop=\"description\">&#13;<br \/>\n                                Safra cheia derruba pre\u00e7o do milho&#13;\n                            <\/p>\n<\/p><\/div>\n<div class=\"container\">\n<div class=\"row\">\n<div class=\"col-lg p-0\">\n<div>\n<div class=\"block-news-main-infos mt-3 text-start\">\n<p>                                            <strong class=\"fn\" itemprop=\"author\" style=\"color: rgb(112, 112, 112); \">&#13;<br \/>\n                                                <a href=\"https:\/\/www.agrolink.com.br\/noticias\/javascript:;\" class=\"text-uppercase\" target=\"_blank\" style=\"color: rgb(112, 112, 112); \" rel=\"noopener\">Agrolink<\/a>&#13;<br \/>\n&#13;<br \/>\n                                                    &#8211; Aline Merladete&#13;<br \/>\n&#13;<br \/>\n                                            <\/strong><br \/>\n                                        <\/p>\n<p>                                            <abbr><time datetime=\"2025-07-02T14:48\" itemprop=\"datePublished dateModified\">Publicado em 02\/07\/2025 \u00e0s 14:48h.<\/time><\/abbr><br \/>\n                                            <\/p><\/div>\n<\/p><\/div>\n<\/p><\/div>\n<div class=\"col-lg p-0 text-lg-end\">\n<div>\n<div id=\"mdEnviarPagina\" class=\"modal fade\" role=\"dialog\">\n<div class=\"modal-dialog\">\n<div class=\"modal-content\">\n<div class=\"modal-body\">\n<p><strong>Estimado usu\u00e1rio.<\/strong><br \/>Preencha o formul\u00e1rio abaixo para remeter a p\u00e1gina.<\/p>\n<\/p><\/div>\n<\/p><\/div>\n<\/p><\/div>\n<\/div><\/div>\n<\/p><\/div>\n<\/p><\/div>\n<\/p><\/div>\n<\/p><\/div>\n<\/p><\/div>\n<div class=\"row justify-content-md-center mt-3\">\n<div class=\"col-lg-auto col-image block-news-main-image\">\n<p>                                <img decoding=\"async\" src=\"https:\/\/www.agrolink.com.br\/upload\/imagens-resizes\/093f50106b484abf8acb9b3ae35dccf9_858x483.jpg\" class=\"lazyload img-fluid\"\/><br \/>\n                                                <span class=\"publicity-photo d-block mt-1\">Foto: Canva<\/span><\/p><\/div>\n<\/p><\/div>\n<div class=\"section-description section-description-noticias mt-3\">\n<p style=\"text-align:justify\">O mercado do <a href=\"https:\/\/www.agrolink.com.br\/culturas\/milho?utm_source=agrolink-detalhe-noticia&amp;utm_medium=detalhe-noticia&amp;utm_campaign=links-internos&#9;\" target=\"_blank\" rel=\"noopener\">milho<\/a> em Mato Grosso segue sob press\u00e3o com a intensifica\u00e7\u00e3o da colheita da segunda safra. Segundo informa\u00e7\u00f5es do boletim informativo do Instituto Mato-grossense de Economia Agropecu\u00e1ria (Imea), entre os dias 23 e 27 de junho, o pre\u00e7o m\u00e9dio da saca no estado fechou em R$ 39,84, o que representa uma queda de 0,79% em rela\u00e7\u00e3o \u00e0 semana anterior.&#13;\n<\/p>\n<p style=\"text-align:justify\">Esse valor tem se aproximado perigosamente do pre\u00e7o m\u00ednimo estabelecido pela Companhia Nacional de Abastecimento (Conab) para 2025, fixado em R$ 35,91 por saca. O Imea destaca que esse encurtamento entre os dois patamares \u00e9 reflexo direto da expectativa de maior produ\u00e7\u00e3o da safra 2024\/25 em compara\u00e7\u00e3o ao ciclo anterior. Com o aumento da oferta, a press\u00e3o sobre os pre\u00e7os tende a se intensificar nas pr\u00f3ximas semanas.<\/p>\n<p style=\"text-align:justify\">Historicamente, quando o valor m\u00e9dio de mercado fica abaixo da Pol\u00edtica de Garantia de Pre\u00e7os M\u00ednimos (PGPM), o governo pode adotar medidas de apoio ao produtor rural, como a realiza\u00e7\u00e3o de leil\u00f5es para a forma\u00e7\u00e3o de estoques p\u00fablicos. Essas a\u00e7\u00f5es visam assegurar uma remunera\u00e7\u00e3o m\u00ednima ao agricultor, como j\u00e1 ocorreu em safras anteriores, como as de 2016\/17 e 2022\/23.&#13;\n<\/p>\n<p style=\"text-align:justify\">Entretanto, a efetiva\u00e7\u00e3o dessas pol\u00edticas depende de uma s\u00e9rie de fatores, como decis\u00e3o pol\u00edtica, disponibilidade or\u00e7ament\u00e1ria e uma solicita\u00e7\u00e3o formal por parte dos produtores ou entidades representativas. Ainda segundo o Imea, mesmo quando implementadas, essas a\u00e7\u00f5es nem sempre conseguem absorver todo o volume excedente do mercado.<\/p>\n<p style=\"text-align:justify\">\u00a0<\/p>\n<\/p><\/div>\n<\/p><\/div>\n<p><script data-cfasync=\"false\">\n    !function (f, b, e, v, n, t, s) {\n        if (f.fbq) return; n = f.fbq = function () {\n            n.callMethod ?\n                n.callMethod.apply(n, arguments) : n.queue.push(arguments)\n        };\n        if (!f._fbq) f._fbq = n; n.push = n; n.loaded = !0; n.version = '2.0';\n        n.queue = []; t = b.createElement(e); t.async = !0;\n        t.src = v; s = b.getElementsByTagName(e)[0];\n        s.parentNode.insertBefore(t, s)\n    }(window, document, 'script',\n        'https:\/\/connect.facebook.net\/en_US\/fbevents.js');\n    fbq('init', '522546078623747');\n    fbq('track', 'PageView');\n<\/script><br \/>\n<br \/><br \/>\n<br \/><a href=\"https:\/\/www.agrolink.com.br\/noticias\/milho-mais-barato-pressiona-rentabilidade-em-mato-grosso_503520.html\">Source link <\/a><\/p>\n","protected":false},"excerpt":{"rendered":"<p>&#13; Safra cheia derruba pre\u00e7o do milho&#13; &#13; Agrolink&#13; &#13; &#8211; Aline Merladete&#13; &#13; Publicado em 02\/07\/2025 \u00e0s 14:48h. Estimado<\/p>\n","protected":false},"author":1,"featured_media":4473,"comment_status":"open","ping_status":"open","sticky":false,"template":"","format":"standard","meta":{"_monsterinsights_skip_tracking":false,"_monsterinsights_sitenote_active":false,"_monsterinsights_sitenote_note":"","_monsterinsights_sitenote_category":0,"_uf_show_specific_survey":0,"_uf_disable_surveys":false,"footnotes":""},"categories":[8,1,14],"tags":[],"class_list":["post-16062","post","type-post","status-publish","format-standard","has-post-thumbnail","hentry","category-agro","category-news","category-politica-agro"],"_links":{"self":[{"href":"https:\/\/agromt.news\/index.php?rest_route=\/wp\/v2\/posts\/16062"}],"collection":[{"href":"https:\/\/agromt.news\/index.php?rest_route=\/wp\/v2\/posts"}],"about":[{"href":"https:\/\/agromt.news\/index.php?rest_route=\/wp\/v2\/types\/post"}],"author":[{"embeddable":true,"href":"https:\/\/agromt.news\/index.php?rest_route=\/wp\/v2\/users\/1"}],"replies":[{"embeddable":true,"href":"https:\/\/agromt.news\/index.php?rest_route=%2Fwp%2Fv2%2Fcomments&post=16062"}],"version-history":[{"count":0,"href":"https:\/\/agromt.news\/index.php?rest_route=\/wp\/v2\/posts\/16062\/revisions"}],"wp:featuredmedia":[{"embeddable":true,"href":"https:\/\/agromt.news\/index.php?rest_route=\/wp\/v2\/media\/4473"}],"wp:attachment":[{"href":"https:\/\/agromt.news\/index.php?rest_route=%2Fwp%2Fv2%2Fmedia&parent=16062"}],"wp:term":[{"taxonomy":"category","embeddable":true,"href":"https:\/\/agromt.news\/index.php?rest_route=%2Fwp%2Fv2%2Fcategories&post=16062"},{"taxonomy":"post_tag","embeddable":true,"href":"https:\/\/agromt.news\/index.php?rest_route=%2Fwp%2Fv2%2Ftags&post=16062"}],"curies":[{"name":"wp","href":"https:\/\/api.w.org\/{rel}","templated":true}]}}