{"id":16060,"date":"2025-07-02T17:24:28","date_gmt":"2025-07-02T21:24:28","guid":{"rendered":"https:\/\/agromt.news\/?p=16060"},"modified":"2025-07-02T17:24:28","modified_gmt":"2025-07-02T21:24:28","slug":"caminhoneiros-gauchos-ficam-seis-dias-isolados-em-nevasca-no-atacama","status":"publish","type":"post","link":"https:\/\/agromt.news\/?p=16060","title":{"rendered":"Caminhoneiros ga\u00fachos ficam seis dias isolados em nevasca no Atacama"},"content":{"rendered":"<p> <br \/>\n<br \/><img decoding=\"async\" src=\"https:\/\/agromt.news\/wp-content\/uploads\/2025\/07\/Caminhoneiros-gauchos-ficam-seis-dias-isolados-em-nevasca-no-Atacama.jpg\" \/><\/p>\n<div>\n<p>Os irm\u00e3os Alexandre e Adriano Rosa Wentz, caminhoneiros de Uruguaiana, no <strong><a href=\"https:\/\/www.canalrural.com.br\/nacional\/rio-grande-do-sul\/\">Rio Grande do Sul<\/a><\/strong>, viveram momentos dram\u00e1ticos na regi\u00e3o de Paso de Jama, um dos pontos de travessia da Cordilheira dos Andes, entre o Chile e a Argentina. <\/p>\n<p>Eles ficaram seis dias isolados no alto da montanha, em meio a um forte temporal de neve que atingiu a regi\u00e3o do deserto do Atacama.<\/p>\n<figure class=\"wp-block-embed is-type-rich is-provider-instagram wp-block-embed-instagram\">\n<p><iframe title=\"Instagram frame\" loading=\"lazy\" height=\"628\" class=\"instagram-embed-iframe\" src=\"https:\/\/www.canalrural.com.br\/diversos\/caminhoneiros-gauchos-ficam-seis-dias-isolados-em-nevasca-no-atacama\/about:blank\" allowtransparency=\"true\" frameborder=\"0\" scrolling=\"no\" onload=\"(function(o){window.instagramIframe = window.instagramIframe || []; window.instagramIframe.push(o);})(this)\" style=\"border: 0px; margin: 0 auto; max-width: 658px; width: calc(100% - 2px); border-radius: 4px; box-shadow: rgba(0, 0, 0, 0.498039) 0px 0px 1px 0px, rgba(0, 0, 0, 0.14902) 0px 1px 10px 0px; display: block; padding: 0px; background: rgb(255, 255, 255);\" data-rocket-lazyload=\"fitvidscompatible\" data-lazy-src=\"https:\/\/www.instagram.com\/p\/DLm6w9Pt8MR\/embed\/\"><\/iframe><noscript><iframe title=\"Instagram frame\" loading=\"lazy\" height=\"628\" class=\"instagram-embed-iframe\" src=\"https:\/\/www.instagram.com\/p\/DLm6w9Pt8MR\/embed\/\" allowtransparency=\"true\" frameborder=\"0\" scrolling=\"no\" onload=\"(function(o){window.instagramIframe = window.instagramIframe || []; window.instagramIframe.push(o);})(this)\" style=\"border: 0px; margin: 0 auto; max-width: 658px; width: calc(100% - 2px); border-radius: 4px; box-shadow: rgba(0, 0, 0, 0.498039) 0px 0px 1px 0px, rgba(0, 0, 0, 0.14902) 0px 1px 10px 0px; display: block; padding: 0px; background: rgb(255, 255, 255);\"><\/iframe><\/noscript><\/p>\n<\/figure>\n<p>O bloqueio foi causado por uma nevasca intensa que atingiu a cordilheira, deixando dezenas de ve\u00edculos retidos em diferentes pontos da estrada. Alexandre e Adriano estavam em dois caminh\u00f5es carregados com geomenbranas, mantas especiais utilizadas na constru\u00e7\u00e3o de lagoas para irriga\u00e7\u00e3o, e conseguiram manter contato com o restante do grupo apenas por meio do r\u00e1dio PX \u2014 \u00fanico canal de comunica\u00e7\u00e3o dispon\u00edvel durante o isolamento.<\/p>\n<\/div>\n<div>\n<figure class=\"wp-block-embed is-type-rich is-provider-instagram wp-block-embed-instagram\">\n<p><iframe title=\"Instagram frame\" loading=\"lazy\" height=\"628\" class=\"instagram-embed-iframe\" src=\"https:\/\/www.canalrural.com.br\/diversos\/caminhoneiros-gauchos-ficam-seis-dias-isolados-em-nevasca-no-atacama\/about:blank\" allowtransparency=\"true\" frameborder=\"0\" scrolling=\"no\" onload=\"(function(o){window.instagramIframe = window.instagramIframe || []; window.instagramIframe.push(o);})(this)\" style=\"border: 0px; margin: 0 auto; max-width: 658px; width: calc(100% - 2px); border-radius: 4px; box-shadow: rgba(0, 0, 0, 0.498039) 0px 0px 1px 0px, rgba(0, 0, 0, 0.14902) 0px 1px 10px 0px; display: block; padding: 0px; background: rgb(255, 255, 255);\" data-rocket-lazyload=\"fitvidscompatible\" data-lazy-src=\"https:\/\/www.instagram.com\/reel\/DLnkTOpBIFU\/embed\/\"><\/iframe><noscript><iframe title=\"Instagram frame\" loading=\"lazy\" height=\"628\" class=\"instagram-embed-iframe\" src=\"https:\/\/www.instagram.com\/reel\/DLnkTOpBIFU\/embed\/\" allowtransparency=\"true\" frameborder=\"0\" scrolling=\"no\" onload=\"(function(o){window.instagramIframe = window.instagramIframe || []; window.instagramIframe.push(o);})(this)\" style=\"border: 0px; margin: 0 auto; max-width: 658px; width: calc(100% - 2px); border-radius: 4px; box-shadow: rgba(0, 0, 0, 0.498039) 0px 0px 1px 0px, rgba(0, 0, 0, 0.14902) 0px 1px 10px 0px; display: block; padding: 0px; background: rgb(255, 255, 255);\"><\/iframe><\/noscript><\/p>\n<\/figure>\n<p>Segundo Alexandre, mais de 30 caminh\u00f5es ficaram presos ainda mais adiante do ponto onde eles estavam, completamente cercados pela neve. Na \u00faltima segunda-feira (30), as m\u00e1quinas de resgate finalmente conseguiram alcan\u00e7ar os dois no local, abrindo passagem e iniciando o atendimento aos motoristas retidos.<\/p>\n<p>Mesmo com o avan\u00e7o no resgate, os irm\u00e3os ainda n\u00e3o sabem quando conseguir\u00e3o retornar ao Brasil. A previs\u00e3o mais recente indica que a abertura completa da cordilheira pode ocorrer apenas na pr\u00f3xima segunda (7), a depender das condi\u00e7\u00f5es clim\u00e1ticas.<\/p>\n<p>As imagens gravadas por eles mostram o ac\u00famulo de neve, os caminh\u00f5es encobertos e as dificuldades enfrentadas em um dos pontos mais extremos da travessia andina. Uma realidade frequente nesta \u00e9poca do ano, mas que pegou muitos motoristas de surpresa pela intensidade do fen\u00f4meno.<\/p>\n<\/p><\/div>\n<p><script async src=\"\/\/www.instagram.com\/embed.js\"><\/script><br \/>\n<br \/><br \/>\n<br \/><a href=\"https:\/\/www.canalrural.com.br\/diversos\/caminhoneiros-gauchos-ficam-seis-dias-isolados-em-nevasca-no-atacama\/\">Source link <\/a><\/p>\n","protected":false},"excerpt":{"rendered":"<p>Os irm\u00e3os Alexandre e Adriano Rosa Wentz, caminhoneiros de Uruguaiana, no Rio Grande do Sul, viveram momentos dram\u00e1ticos na regi\u00e3o<\/p>\n","protected":false},"author":1,"featured_media":16061,"comment_status":"open","ping_status":"open","sticky":false,"template":"","format":"standard","meta":{"_monsterinsights_skip_tracking":false,"_monsterinsights_sitenote_active":false,"_monsterinsights_sitenote_note":"","_monsterinsights_sitenote_category":0,"_uf_show_specific_survey":0,"_uf_disable_surveys":false,"footnotes":""},"categories":[1],"tags":[],"class_list":["post-16060","post","type-post","status-publish","format-standard","has-post-thumbnail","hentry","category-news"],"_links":{"self":[{"href":"https:\/\/agromt.news\/index.php?rest_route=\/wp\/v2\/posts\/16060"}],"collection":[{"href":"https:\/\/agromt.news\/index.php?rest_route=\/wp\/v2\/posts"}],"about":[{"href":"https:\/\/agromt.news\/index.php?rest_route=\/wp\/v2\/types\/post"}],"author":[{"embeddable":true,"href":"https:\/\/agromt.news\/index.php?rest_route=\/wp\/v2\/users\/1"}],"replies":[{"embeddable":true,"href":"https:\/\/agromt.news\/index.php?rest_route=%2Fwp%2Fv2%2Fcomments&post=16060"}],"version-history":[{"count":0,"href":"https:\/\/agromt.news\/index.php?rest_route=\/wp\/v2\/posts\/16060\/revisions"}],"wp:featuredmedia":[{"embeddable":true,"href":"https:\/\/agromt.news\/index.php?rest_route=\/wp\/v2\/media\/16061"}],"wp:attachment":[{"href":"https:\/\/agromt.news\/index.php?rest_route=%2Fwp%2Fv2%2Fmedia&parent=16060"}],"wp:term":[{"taxonomy":"category","embeddable":true,"href":"https:\/\/agromt.news\/index.php?rest_route=%2Fwp%2Fv2%2Fcategories&post=16060"},{"taxonomy":"post_tag","embeddable":true,"href":"https:\/\/agromt.news\/index.php?rest_route=%2Fwp%2Fv2%2Ftags&post=16060"}],"curies":[{"name":"wp","href":"https:\/\/api.w.org\/{rel}","templated":true}]}}