{"id":16056,"date":"2025-07-02T16:56:36","date_gmt":"2025-07-02T20:56:36","guid":{"rendered":"https:\/\/agromt.news\/?p=16056"},"modified":"2025-07-02T16:56:36","modified_gmt":"2025-07-02T20:56:36","slug":"a-polarizacao-que-empurra-o-stf-ao-centro-do-poder","status":"publish","type":"post","link":"https:\/\/agromt.news\/?p=16056","title":{"rendered":"a polariza\u00e7\u00e3o que empurra o STF ao centro do poder"},"content":{"rendered":"<p> <br \/>\n<\/p>\n<div>\n<p>O Brasil enfrenta uma crescente polariza\u00e7\u00e3o entre Executivo e Legislativo. Em vez de dialogarem, os dois Poderes empurram suas disputas para o Supremo Tribunal Federal (STF), que acaba assumindo um protagonismo que n\u00e3o lhe cabe \u2014 como no caso do <strong><a href=\"http:\/\/www.canalrural.com.br\/tag\/iof\/\">IOF<\/a><\/strong> e das decis\u00f5es sobre o teto de gastos.<\/p>\n<p>Enquanto isso,\u00a0<strong>nenhum dos lados quer cortar despesas<\/strong>. O Congresso usa emendas parlamentares como moeda de troca para manter apoio pol\u00edtico, e o governo cede para sobreviver no cargo. O resultado \u00e9 um or\u00e7amento fragmentado, dominado por interesses eleitorais.<\/p>\n<\/div>\n<div>\n<p>Com a pol\u00edtica travada e a responsabilidade fiscal em segundo plano, o STF vira mediador das omiss\u00f5es institucionais. Mas o Judici\u00e1rio deveria julgar, n\u00e3o governar.<\/p>\n<p>Mais do que crise entre Poderes, vivemos uma crise de responsabilidade. E quem paga a conta \u00e9 o Brasil real: com juros altos, economia fraca e falta de confian\u00e7a.<\/p>\n<div class=\"wp-block-media-text is-stacked-on-mobile\">\n<figure class=\"wp-block-media-text__media\"><img fetchpriority=\"high\" decoding=\"async\" width=\"683\" height=\"1024\" alt=\"Miguel Daoud\" class=\"wp-image-4095706 size-full\"  data-lazy- src=\"https:\/\/agromt.news\/wp-content\/uploads\/2025\/04\/Como-guerras-e-crises-moldaram-o-preco-das-commodities-nos.jpg\"\/><img decoding=\"async\" width=\"683\" height=\"1024\" src=\"https:\/\/agromt.news\/wp-content\/uploads\/2025\/04\/Como-guerras-e-crises-moldaram-o-preco-das-commodities-nos.jpg\" alt=\"Miguel Daoud\" class=\"wp-image-4095706 size-full\"  \/><\/figure>\n<div class=\"wp-block-media-text__content\">\n<p class=\"has-text-align-center\">*<em><strong>Miguel Daoud<\/strong>\u00a0\u00e9 comentarista de Economia e Pol\u00edtica\u00a0do Canal Rural<\/em><\/p>\n<\/div>\n<\/div>\n<hr class=\"wp-block-separator has-alpha-channel-opacity\"\/>\n<p><em>O\u00a0<strong>Canal Rural<\/strong>\u00a0n\u00e3o se responsabiliza pelas opini\u00f5es e conceitos emitidos nos textos desta sess\u00e3o, sendo os conte\u00fados de inteira responsabilidade de seus autores. A empresa se reserva o direito de fazer ajustes no texto para adequa\u00e7\u00e3o \u00e0s normas de publica\u00e7\u00e3o.<\/em><\/p>\n<\/p><\/div>\n<p><br \/>\n<br \/><a href=\"https:\/\/www.canalrural.com.br\/opiniao-noticias\/executivo-x-legislativo-a-polarizacao-que-empurra-o-stf-ao-centro-do-poder\/\">Source link <\/a><\/p>\n","protected":false},"excerpt":{"rendered":"<p>O Brasil enfrenta uma crescente polariza\u00e7\u00e3o entre Executivo e Legislativo. Em vez de dialogarem, os dois Poderes empurram suas disputas<\/p>\n","protected":false},"author":1,"featured_media":16057,"comment_status":"open","ping_status":"open","sticky":false,"template":"","format":"standard","meta":{"_monsterinsights_skip_tracking":false,"_monsterinsights_sitenote_active":false,"_monsterinsights_sitenote_note":"","_monsterinsights_sitenote_category":0,"_uf_show_specific_survey":0,"_uf_disable_surveys":false,"footnotes":""},"categories":[1],"tags":[],"class_list":["post-16056","post","type-post","status-publish","format-standard","has-post-thumbnail","hentry","category-news"],"_links":{"self":[{"href":"https:\/\/agromt.news\/index.php?rest_route=\/wp\/v2\/posts\/16056"}],"collection":[{"href":"https:\/\/agromt.news\/index.php?rest_route=\/wp\/v2\/posts"}],"about":[{"href":"https:\/\/agromt.news\/index.php?rest_route=\/wp\/v2\/types\/post"}],"author":[{"embeddable":true,"href":"https:\/\/agromt.news\/index.php?rest_route=\/wp\/v2\/users\/1"}],"replies":[{"embeddable":true,"href":"https:\/\/agromt.news\/index.php?rest_route=%2Fwp%2Fv2%2Fcomments&post=16056"}],"version-history":[{"count":0,"href":"https:\/\/agromt.news\/index.php?rest_route=\/wp\/v2\/posts\/16056\/revisions"}],"wp:featuredmedia":[{"embeddable":true,"href":"https:\/\/agromt.news\/index.php?rest_route=\/wp\/v2\/media\/16057"}],"wp:attachment":[{"href":"https:\/\/agromt.news\/index.php?rest_route=%2Fwp%2Fv2%2Fmedia&parent=16056"}],"wp:term":[{"taxonomy":"category","embeddable":true,"href":"https:\/\/agromt.news\/index.php?rest_route=%2Fwp%2Fv2%2Fcategories&post=16056"},{"taxonomy":"post_tag","embeddable":true,"href":"https:\/\/agromt.news\/index.php?rest_route=%2Fwp%2Fv2%2Ftags&post=16056"}],"curies":[{"name":"wp","href":"https:\/\/api.w.org\/{rel}","templated":true}]}}