{"id":16054,"date":"2025-07-02T15:58:20","date_gmt":"2025-07-02T19:58:20","guid":{"rendered":"https:\/\/agromt.news\/?p=16054"},"modified":"2025-07-02T15:58:20","modified_gmt":"2025-07-02T19:58:20","slug":"aprosoja-mt-aponta-moratoria-da-soja-como-risco-a-seguranca-alimentar-internacional","status":"publish","type":"post","link":"https:\/\/agromt.news\/?p=16054","title":{"rendered":"Aprosoja MT aponta Morat\u00f3ria da Soja como risco \u00e0 seguran\u00e7a alimentar internacional"},"content":{"rendered":"<p> <br \/>\n<br \/><img decoding=\"async\" src=\"https:\/\/agromt.news\/wp-content\/uploads\/2025\/07\/Aprosoja-MT-aponta-Moratoria-da-Soja-como-risco-a-seguranca.jpeg\" \/><\/p>\n<div>\n<p>Nesta quarta-feira (02), o <a href=\"https:\/\/www.canalrural.com.br\/?s=Morat%C3%B3ria+da+Soja\">presidente <\/a>da Associa\u00e7\u00e3o dos Produtores de Soja e Milho de Mato Grosso (<a href=\"https:\/\/aprosoja.com.br\/\">Aprosoja MT<\/a>), Lucas Costa Beber, participou do XIII F\u00f3rum de Lisboa, evento que neste ano trouxe como tema central \u201cO Mundo em Transforma\u00e7\u00e3o \u2013 Direito, Democracia e Sustentabilidade na Era Inteligente\u201d. O assunto em destaque foi o acordo Morat\u00f3ria da Soja.<\/p>\n<ul class=\"wp-block-list\">\n<li><strong><em>Fique por dentro das novidades e not\u00edcias recentes sobre a soja! Participe da nossa comunidade atrav\u00e9s do\u00a0<a href=\"https:\/\/chat.whatsapp.com\/BmMRwA0TZ2DHGyhzoaVEWu\">link<\/a><\/em><\/strong>!<\/li>\n<\/ul>\n<p>O presidente da entidade foi um dos palestrantes do painel \u201cAgroneg\u00f3cio e Seguran\u00e7a Alimentar Global: Desafios para a Coopera\u00e7\u00e3o\u201d, ao lado do governador de Mato Grosso, Mauro Mendes; da deputada estadual de MT, Jana\u00edna Riva; e do professor da UERJ, Marco Marrafon; com modera\u00e7\u00e3o do mestre e doutor em Direito, Sidney Pereira de Souza Junior. Em sua fala, o presidente da Aprosoja MT destacou os impactos diretos da Morat\u00f3ria da Soja sobre o setor produtivo e a seguran\u00e7a alimentar global. \u201cO tema aqui foi seguran\u00e7a alimentar e coloquei justamente que a morat\u00f3ria da soja prejudica a seguran\u00e7a alimentar.\u201d<\/p>\n<h2 class=\"wp-block-heading\" id=\"h-o-impacto-da-moratoria-da-soja-em-mt\">O impacto da Morat\u00f3ria da Soja em MT<\/h2>\n<p>Lucas Costa Beber apresentou dados que mostram o crescimento da produ\u00e7\u00e3o agr\u00edcola em Mato Grosso nos \u00faltimos anos, mesmo com restri\u00e7\u00f5es impostas por grandes empresas compradoras. De 2019 para c\u00e1, a \u00e1rea de soja passou de 9,6 milh\u00f5es para 13 milh\u00f5es de hectares, e a de milho, de 4,5 para 7,2 milh\u00f5es. A previs\u00e3o para este ano \u00e9 de 51 milh\u00f5es de toneladas de milho e 50 milh\u00f5es de soja, com expectativas de ultrapassar 80 milh\u00f5es e 54 milh\u00f5es, respectivamente, na pr\u00f3xima d\u00e9cada.<\/p>\n<p>Ele destacou o impacto da morat\u00f3ria da soja no estado, que afeta mais de 2,7 milh\u00f5es de hectares em 85 munic\u00edpios e retira cerca de R$ 20 bilh\u00f5es da economia local. A medida \u00e9 rejeitada por 127 c\u00e2maras de vereadores e mais de 100 prefeituras.<\/p>\n<\/div>\n<div>\n<p>A Aprosoja MT atua judicialmente contra a morat\u00f3ria, com a\u00e7\u00f5es no Cade e na Justi\u00e7a, j\u00e1 pleiteando R$ 1,1 bilh\u00e3o por danos morais, al\u00e9m de ressarcimento por preju\u00edzos materiais acumulados em mais de 20 anos.<\/p>\n<p>Al\u00e9m dos preju\u00edzos econ\u00f4micos, Lucas alertou para os efeitos sociais da morat\u00f3ria, que aprofunda desigualdades regionais e ignora o rigoroso C\u00f3digo Florestal Brasileiro. Ele refor\u00e7ou que produtores respeitam a legisla\u00e7\u00e3o ambiental, sofrendo san\u00e7\u00f5es quando desrespeitam.<\/p>\n<p>O presidente criticou a morat\u00f3ria como incoerente e hipocrisia, destacando que Mato Grosso preserva 64% de seu territ\u00f3rio, contra menos de 20% dos EUA, apesar da maior \u00e1rea de produ\u00e7\u00e3o americana.<\/p>\n<p>O governador Mauro Mendes ressaltou a import\u00e2ncia de Mato Grosso para a paz mundial, por garantir seguran\u00e7a alimentar preservando mais de 60% do estado. Segundo ele, a disputa por alimentos historicamente movimenta conflitos, e o Brasil tem papel fundamental nesse contexto.<\/p>\n<p>Ao final, Lucas refor\u00e7ou que o Brasil alimenta mais de um bilh\u00e3o de pessoas e que a morat\u00f3ria \u00e9 um obst\u00e1culo \u00e0 seguran\u00e7a alimentar global. Ele sugeriu que empresas do mercado comprador adotem protocolos de segrega\u00e7\u00e3o e rastreabilidade, em vez de restringir a produ\u00e7\u00e3o.<\/p>\n<\/p><\/div>\n<p><br \/>\n<br \/><a href=\"https:\/\/www.canalrural.com.br\/agricultura\/projeto-soja-brasil\/aprosoja-mt-aponta-moratoria-da-soja-como-risco-a-seguranca-alimentar-internacional\/\">Source link <\/a><\/p>\n","protected":false},"excerpt":{"rendered":"<p>Nesta quarta-feira (02), o presidente da Associa\u00e7\u00e3o dos Produtores de Soja e Milho de Mato Grosso (Aprosoja MT), Lucas Costa<\/p>\n","protected":false},"author":1,"featured_media":16055,"comment_status":"open","ping_status":"open","sticky":false,"template":"","format":"standard","meta":{"_monsterinsights_skip_tracking":false,"_monsterinsights_sitenote_active":false,"_monsterinsights_sitenote_note":"","_monsterinsights_sitenote_category":0,"_uf_show_specific_survey":0,"_uf_disable_surveys":false,"footnotes":""},"categories":[1],"tags":[],"class_list":["post-16054","post","type-post","status-publish","format-standard","has-post-thumbnail","hentry","category-news"],"_links":{"self":[{"href":"https:\/\/agromt.news\/index.php?rest_route=\/wp\/v2\/posts\/16054"}],"collection":[{"href":"https:\/\/agromt.news\/index.php?rest_route=\/wp\/v2\/posts"}],"about":[{"href":"https:\/\/agromt.news\/index.php?rest_route=\/wp\/v2\/types\/post"}],"author":[{"embeddable":true,"href":"https:\/\/agromt.news\/index.php?rest_route=\/wp\/v2\/users\/1"}],"replies":[{"embeddable":true,"href":"https:\/\/agromt.news\/index.php?rest_route=%2Fwp%2Fv2%2Fcomments&post=16054"}],"version-history":[{"count":0,"href":"https:\/\/agromt.news\/index.php?rest_route=\/wp\/v2\/posts\/16054\/revisions"}],"wp:featuredmedia":[{"embeddable":true,"href":"https:\/\/agromt.news\/index.php?rest_route=\/wp\/v2\/media\/16055"}],"wp:attachment":[{"href":"https:\/\/agromt.news\/index.php?rest_route=%2Fwp%2Fv2%2Fmedia&parent=16054"}],"wp:term":[{"taxonomy":"category","embeddable":true,"href":"https:\/\/agromt.news\/index.php?rest_route=%2Fwp%2Fv2%2Fcategories&post=16054"},{"taxonomy":"post_tag","embeddable":true,"href":"https:\/\/agromt.news\/index.php?rest_route=%2Fwp%2Fv2%2Ftags&post=16054"}],"curies":[{"name":"wp","href":"https:\/\/api.w.org\/{rel}","templated":true}]}}