{"id":16052,"date":"2025-07-02T15:43:17","date_gmt":"2025-07-02T19:43:17","guid":{"rendered":"https:\/\/agromt.news\/?p=16052"},"modified":"2025-07-02T15:43:17","modified_gmt":"2025-07-02T19:43:17","slug":"agronegocio-do-sul-questiona-efetividade-do-plano-safra-2025-26","status":"publish","type":"post","link":"https:\/\/agromt.news\/?p=16052","title":{"rendered":"Agroneg\u00f3cio do Sul questiona efetividade do Plano Safra 2025\/26"},"content":{"rendered":"<p> <br \/>\n<br \/><img decoding=\"async\" src=\"https:\/\/agromt.news\/wp-content\/uploads\/2025\/07\/Agronegocio-do-Sul-questiona-efetividade-do-Plano-Safra-202526.jpg\" \/><\/p>\n<div>\n<p>O an\u00fancio do Plano Safra 2025\/26, divulgado na \u00faltima ter\u00e7a-feira (1\u00ba) pelo governo federal, gerou repercuss\u00e3o entre as entidades ligadas ao agroneg\u00f3cio nos estados do <strong><a href=\"https:\/\/www.canalrural.com.br\/nacional\/parana\/\">Paran\u00e1 <\/a><\/strong>e do Rio Grande do Sul. Representantes dos produtores rurais e cooperativas expressam preocupa\u00e7\u00f5es com pontos do progrma que podem impactar a efetividade das medidas.<\/p>\n<p><iframe title=\"Plano Safra 25\/26: recursos limitados e d\u00edvidas preocupam entidades do Sul\" width=\"800\" height=\"450\" src=\"https:\/\/www.youtube.com\/embed\/KmNYkuCe3oc?feature=oembed\" frameborder=\"0\" allow=\"accelerometer; autoplay; clipboard-write; encrypted-media; gyroscope; picture-in-picture; web-share\" referrerpolicy=\"strict-origin-when-cross-origin\" allowfullscreen><\/iframe><noscript><iframe title=\"Plano Safra 25\/26: recursos limitados e d\u00edvidas preocupam entidades do Sul\" width=\"800\" height=\"450\" src=\"https:\/\/www.youtube.com\/embed\/KmNYkuCe3oc?feature=oembed\" frameborder=\"0\" allow=\"accelerometer; autoplay; clipboard-write; encrypted-media; gyroscope; picture-in-picture; web-share\" referrerpolicy=\"strict-origin-when-cross-origin\" allowfullscreen><\/iframe><\/noscript><\/p>\n<p>Anderson Sartorelli, do Departamento T\u00e9cnico e Econ\u00f4mico\u00a0da Federa\u00e7\u00e3o da Agricultura do Paran\u00e1 (Faep), ressaltou que a destina\u00e7\u00e3o dos recursos n\u00e3o garante o acesso do produtor. \u201cUm \u00faltimo dado desse Plano Safra 2024\/25, agora de maio, [mostrou] que apenas 70% do que foi destinado foi contratado. N\u00f3s percebemos que muitas vezes o que \u00e9 destinado, o que \u00e9 colocado no plano safra, n\u00e3o chega para o produtor. Vai fazer a diferen\u00e7a para o agroneg\u00f3cio se ele chegar l\u00e1 na ponta. Se n\u00e3o, caso contr\u00e1rio o objetivo do plano safra acaba n\u00e3o sendo cumprido.\u201d <\/p>\n<p>Sartorelli tamb\u00e9m apontou que a eleva\u00e7\u00e3o da taxa Selic para 15% agrava o cen\u00e1rio fiscal, dificultando ainda mais a operacionaliza\u00e7\u00e3o do Plano Safra.<\/p>\n<p>Salatiel Turra, analista t\u00e9cnico da Ger\u00eancia de Desenvolvimento T\u00e9cnico do <strong>Sindicato e Organiza\u00e7\u00e3o das Cooperativas do Paran\u00e1 (Ocepar)<\/strong>, refor\u00e7ou a quest\u00e3o do investimento. \u201cCom rela\u00e7\u00e3o \u00e0 parte de investimento, principalmente da agricultura empresarial no que tange a quest\u00e3o das cooperativas, a gente pode destacar uma redu\u00e7\u00e3o do valor disponibilizado para investimentos, principalmente em algumas linhas que as nossas cooperativas podem utilizar recursos, ent\u00e3o isso \u00e9 um ponto de aten\u00e7\u00e3o que a gente tem que destacar.\u201d<\/p>\n<\/div>\n<div>\n<p>No Rio Grande do Sul, entidades representativas do setor est\u00e3o preocupadas com a capacidade dos produtores de acessar os recursos do Plano Safra, principalmente devido ao <strong>alto endividamento do setor<\/strong>. H\u00e1 tamb\u00e9m apreens\u00e3o em rela\u00e7\u00e3o \u00e0s mudan\u00e7as no seguro rural e no Proagro.<\/p>\n<p>Gede\u00e3o Pereira, presidente da Federa\u00e7\u00e3o da Agricultura do Rio Grande do Sul (<strong>Farsul<\/strong>), criticou o percentual de recursos equalizados. \u201cO governo anuncia um plano agr\u00edcola fant\u00e1stico, mas se olharmos bem, apenas 22% desse valor \u00e9 que tem recursos equalizados.\u201d Ele classificou o an\u00fancio mais como \u201cnarrativa\u201d e sem considerar a infla\u00e7\u00e3o, resultando em \u201cmais do mesmo, s\u00f3 que piorado\u201d, devido \u00e0s taxas de juros elevadas. <\/p>\n<p>Pereira tamb\u00e9m evidenciou a crise no seguro rural ga\u00facho: \u201cAs seguradoras praticamente se retiraram do Rio Grande do Sul. Elas levantaram o valor do pr\u00eamio e baixaram a quantidade de produto segurado. Praticamente seguro no Rio Grande do Sul n\u00e3o existe mais.\u201d<\/p>\n<p>Darci Hartmann, presidente do Sistema Ocergs, enfatizou a necessidade de capacidade financeira para o acesso ao cr\u00e9dito. \u201cEle precisa ter capacidade financeira para acessar cr\u00e9dito. Na agricultura empresarial esse volume \u00e9 ainda maior, esse percentual \u00e9 maior. Precisamos resolver esse problema do endividamento. E ningu\u00e9m quer perd\u00e3o da d\u00edvida ou n\u00e3o pagar. As pessoas querem um prazo m\u00ednimo. Se a securitiza\u00e7\u00e3o n\u00e3o d\u00e1 para 20 anos que a gente fa\u00e7a de 10, 12 anos para pagar a sua d\u00edvida e continuar o processo produtivo\u201d, disse.<\/p>\n<p>J\u00e1 para o presidente da Federa\u00e7\u00e3o das Cooperativas Agropecu\u00e1rias do Rio Grande do Sul (Fecoagro-RS), Paulo Pires, o grande desafio \u00e9 a rentabilidade do produtor. \u201cOlha o trigo. Por que ele caiu a \u00e1rea no Rio Grande do Sul de forma expressiva? Porque n\u00e3o tem rentabilidade. Tu n\u00e3o consegue convencer o produtor a fazer uma \u00e1rea expressiva de investimento se todos c\u00e1lculos n\u00e3o sinalizam rentabilidade. Essa \u00e9 uma quest\u00e3o muito importante, porque o pre\u00e7o n\u00e3o \u00e9 o produtor que faz e isso \u00e9 uma perspectiva negativa. Agora, em rela\u00e7\u00e3o ao Plano Safra o endividamento preocupa porque quantos produtores v\u00e3o ter acesso ao cr\u00e9dito? Se o produtor n\u00e3o tiver direito ou acesso ele n\u00e3o vai plantar\u201d.<\/p>\n<hr class=\"wp-block-separator has-alpha-channel-opacity\"\/>\n\t<\/div>\n<p><br \/>\n<br \/><a href=\"https:\/\/www.canalrural.com.br\/agricultura\/agronegocio-do-sul-questiona-efetividade-do-plano-safra-2025-26\/\">Source link <\/a><\/p>\n","protected":false},"excerpt":{"rendered":"<p>O an\u00fancio do Plano Safra 2025\/26, divulgado na \u00faltima ter\u00e7a-feira (1\u00ba) pelo governo federal, gerou repercuss\u00e3o entre as entidades ligadas<\/p>\n","protected":false},"author":1,"featured_media":16053,"comment_status":"open","ping_status":"open","sticky":false,"template":"","format":"standard","meta":{"_monsterinsights_skip_tracking":false,"_monsterinsights_sitenote_active":false,"_monsterinsights_sitenote_note":"","_monsterinsights_sitenote_category":0,"_uf_show_specific_survey":0,"_uf_disable_surveys":false,"footnotes":""},"categories":[1],"tags":[],"class_list":["post-16052","post","type-post","status-publish","format-standard","has-post-thumbnail","hentry","category-news"],"_links":{"self":[{"href":"https:\/\/agromt.news\/index.php?rest_route=\/wp\/v2\/posts\/16052"}],"collection":[{"href":"https:\/\/agromt.news\/index.php?rest_route=\/wp\/v2\/posts"}],"about":[{"href":"https:\/\/agromt.news\/index.php?rest_route=\/wp\/v2\/types\/post"}],"author":[{"embeddable":true,"href":"https:\/\/agromt.news\/index.php?rest_route=\/wp\/v2\/users\/1"}],"replies":[{"embeddable":true,"href":"https:\/\/agromt.news\/index.php?rest_route=%2Fwp%2Fv2%2Fcomments&post=16052"}],"version-history":[{"count":0,"href":"https:\/\/agromt.news\/index.php?rest_route=\/wp\/v2\/posts\/16052\/revisions"}],"wp:featuredmedia":[{"embeddable":true,"href":"https:\/\/agromt.news\/index.php?rest_route=\/wp\/v2\/media\/16053"}],"wp:attachment":[{"href":"https:\/\/agromt.news\/index.php?rest_route=%2Fwp%2Fv2%2Fmedia&parent=16052"}],"wp:term":[{"taxonomy":"category","embeddable":true,"href":"https:\/\/agromt.news\/index.php?rest_route=%2Fwp%2Fv2%2Fcategories&post=16052"},{"taxonomy":"post_tag","embeddable":true,"href":"https:\/\/agromt.news\/index.php?rest_route=%2Fwp%2Fv2%2Ftags&post=16052"}],"curies":[{"name":"wp","href":"https:\/\/api.w.org\/{rel}","templated":true}]}}