{"id":16050,"date":"2025-07-02T15:37:29","date_gmt":"2025-07-02T19:37:29","guid":{"rendered":"https:\/\/agromt.news\/?p=16050"},"modified":"2025-07-02T15:37:29","modified_gmt":"2025-07-02T19:37:29","slug":"vazio-sanitario-da-soja-comeca-no-rs","status":"publish","type":"post","link":"https:\/\/agromt.news\/?p=16050","title":{"rendered":"Vazio sanit\u00e1rio da soja come\u00e7a no RS"},"content":{"rendered":"<p> <br \/>\n<\/p>\n<div>\n<div class=\"row\">\n<div class=\"col-lg col-infos mt-0 mt-lg-0\">\n<div class=\"section-sub-title\">\n<p itemprop=\"description\">&#13;<br \/>\n                                Proibido cultivar soja no RS at\u00e9 setembro: entenda o vazio sanit\u00e1rio&#13;\n                            <\/p>\n<\/p><\/div>\n<div class=\"container\">\n<div class=\"row\">\n<div class=\"col-lg p-0\">\n<div>\n<div class=\"block-news-main-infos mt-3 text-start\">\n<p>                                            <strong class=\"fn\" itemprop=\"author\" style=\"color: rgb(112, 112, 112); \">&#13;<br \/>\n                                                <a href=\"https:\/\/www.agrolink.com.br\/noticias\/javascript:;\" class=\"text-uppercase\" target=\"_blank\" style=\"color: rgb(112, 112, 112); \" rel=\"noopener\">Agrolink<\/a>&#13;<br \/>\n&#13;<br \/>\n                                                    &#8211; Aline Merladete&#13;<br \/>\n&#13;<br \/>\n                                            <\/strong><br \/>\n                                        <\/p>\n<p>                                            <abbr><time datetime=\"2025-07-02T15:39\" itemprop=\"datePublished dateModified\">Publicado em 02\/07\/2025 \u00e0s 15:39h.<\/time><\/abbr><br \/>\n                                            <\/p><\/div>\n<\/p><\/div>\n<\/p><\/div>\n<div class=\"col-lg p-0 text-lg-end\">\n<div>\n<div id=\"mdEnviarPagina\" class=\"modal fade\" role=\"dialog\">\n<div class=\"modal-dialog\">\n<div class=\"modal-content\">\n<div class=\"modal-body\">\n<p><strong>Estimado usu\u00e1rio.<\/strong><br \/>Preencha o formul\u00e1rio abaixo para remeter a p\u00e1gina.<\/p>\n<\/p><\/div>\n<\/p><\/div>\n<\/p><\/div>\n<\/div><\/div>\n<\/p><\/div>\n<\/p><\/div>\n<\/p><\/div>\n<\/p><\/div>\n<\/p><\/div>\n<div class=\"row justify-content-md-center mt-3\">\n<div class=\"col-lg-auto col-image block-news-main-image\">\n<p>                                <img decoding=\"async\" src=\"https:\/\/www.agrolink.com.br\/upload\/imagens-resizes\/3bc2eb3c62574ab080a735bbad3881f2_858x483.jpg\" class=\"lazyload img-fluid\"\/><br \/>\n                                                <span class=\"publicity-photo d-block mt-1\">Foto: AgrolinkFito<\/span><\/p><\/div>\n<\/p><\/div>\n<div class=\"section-description section-description-noticias mt-3\">\n<p style=\"text-align:justify\">O Rio Grande do Sul inicia nesta quinta-feira, 3 de julho, o per\u00edodo do vazio sanit\u00e1rio da <a href=\"https:\/\/www.agrolink.com.br\/culturas\/soja?utm_source=agrolink-detalhe-noticia&amp;utm_medium=detalhe-noticia&amp;utm_campaign=links-internos\" target=\"_blank\" rel=\"noopener\">soja<\/a>, medida para\u00a0controle da ferrugem asi\u00e1tica. At\u00e9 30 de setembro, est\u00e1 proibida a presen\u00e7a de plantas vivas de <a href=\"https:\/\/www.agrolink.com.br\/culturas\/soja?utm_source=agrolink-detalhe-noticia&amp;utm_medium=detalhe-noticia&amp;utm_campaign=links-internos\" target=\"_blank\" rel=\"noopener\">soja<\/a> em qualquer fase de desenvolvimento nas lavouras do estado. A restri\u00e7\u00e3o de 90 dias segue determina\u00e7\u00e3o do Minist\u00e9rio da Agricultura e Pecu\u00e1ria (Mapa) e tem como objetivo interromper o ciclo do fungo causador da doen\u00e7a.&#13;\n<\/p>\n<p style=\"text-align:justify\">Segundo informa\u00e7\u00f5es da Secretaria da Agricultura, Pecu\u00e1ria, Produ\u00e7\u00e3o Sustent\u00e1vel e Irriga\u00e7\u00e3o (Seapi), o vazio sanit\u00e1rio, aliado ao calend\u00e1rio oficial de semeadura \u2014 que ser\u00e1 de 1\u00ba de outubro de 2025 a 28 de janeiro de 2026 \u2014, \u00e9 uma das principais estrat\u00e9gias de defesa fitossanit\u00e1ria para garantir a produtividade da soja no estado. A ferrugem asi\u00e1tica \u00e9 causada pelo fungo Phakopsora pachyrhizi e est\u00e1 entre as doen\u00e7as mais severas enfrentadas pelos produtores brasileiros.<\/p>\n<p style=\"text-align:justify\">\u201cO per\u00edodo de vazio sanit\u00e1rio e o calend\u00e1rio de semeadura adotado para a soja no Rio Grande do Sul se consolida como estrat\u00e9gia de enfrentamento da ferrugem asi\u00e1tica, para garantir o manejo da praga, a manuten\u00e7\u00e3o das ferramentas qu\u00edmicas e a produtividade da cultura para nosso estado\u201d, destacou Ricardo Felicetti, diretor do Departamento de Defesa Vegetal da Seapi.&#13;\n<\/p>\n<p style=\"text-align:justify\">O Estado mant\u00e9m um programa pr\u00f3prio de monitoramento da ferrugem asi\u00e1tica, com atua\u00e7\u00e3o nas principais regi\u00f5es produtoras. Esse sistema \u00e9 baseado na detec\u00e7\u00e3o de esporos da doen\u00e7a associada a dados meteorol\u00f3gicos, permitindo a elabora\u00e7\u00e3o de mapas que indicam a probabilidade de ocorr\u00eancia do fungo.<\/p>\n<\/p><\/div>\n<\/p><\/div>\n<p><script data-cfasync=\"false\">\n    !function (f, b, e, v, n, t, s) {\n        if (f.fbq) return; n = f.fbq = function () {\n            n.callMethod ?\n                n.callMethod.apply(n, arguments) : n.queue.push(arguments)\n        };\n        if (!f._fbq) f._fbq = n; n.push = n; n.loaded = !0; n.version = '2.0';\n        n.queue = []; t = b.createElement(e); t.async = !0;\n        t.src = v; s = b.getElementsByTagName(e)[0];\n        s.parentNode.insertBefore(t, s)\n    }(window, document, 'script',\n        'https:\/\/connect.facebook.net\/en_US\/fbevents.js');\n    fbq('init', '522546078623747');\n    fbq('track', 'PageView');\n<\/script><br \/>\n<br \/><br \/>\n<br \/><a href=\"https:\/\/www.agrolink.com.br\/noticias\/vazio-sanitario-da-soja-comeca-no-rs_503521.html\">Source link <\/a><\/p>\n","protected":false},"excerpt":{"rendered":"<p>&#13; Proibido cultivar soja no RS at\u00e9 setembro: entenda o vazio sanit\u00e1rio&#13; &#13; Agrolink&#13; &#13; &#8211; Aline Merladete&#13; &#13; Publicado<\/p>\n","protected":false},"author":1,"featured_media":16051,"comment_status":"open","ping_status":"open","sticky":false,"template":"","format":"standard","meta":{"_monsterinsights_skip_tracking":false,"_monsterinsights_sitenote_active":false,"_monsterinsights_sitenote_note":"","_monsterinsights_sitenote_category":0,"_uf_show_specific_survey":0,"_uf_disable_surveys":false,"footnotes":""},"categories":[8,1,14],"tags":[],"class_list":["post-16050","post","type-post","status-publish","format-standard","has-post-thumbnail","hentry","category-agro","category-news","category-politica-agro"],"_links":{"self":[{"href":"https:\/\/agromt.news\/index.php?rest_route=\/wp\/v2\/posts\/16050"}],"collection":[{"href":"https:\/\/agromt.news\/index.php?rest_route=\/wp\/v2\/posts"}],"about":[{"href":"https:\/\/agromt.news\/index.php?rest_route=\/wp\/v2\/types\/post"}],"author":[{"embeddable":true,"href":"https:\/\/agromt.news\/index.php?rest_route=\/wp\/v2\/users\/1"}],"replies":[{"embeddable":true,"href":"https:\/\/agromt.news\/index.php?rest_route=%2Fwp%2Fv2%2Fcomments&post=16050"}],"version-history":[{"count":0,"href":"https:\/\/agromt.news\/index.php?rest_route=\/wp\/v2\/posts\/16050\/revisions"}],"wp:featuredmedia":[{"embeddable":true,"href":"https:\/\/agromt.news\/index.php?rest_route=\/wp\/v2\/media\/16051"}],"wp:attachment":[{"href":"https:\/\/agromt.news\/index.php?rest_route=%2Fwp%2Fv2%2Fmedia&parent=16050"}],"wp:term":[{"taxonomy":"category","embeddable":true,"href":"https:\/\/agromt.news\/index.php?rest_route=%2Fwp%2Fv2%2Fcategories&post=16050"},{"taxonomy":"post_tag","embeddable":true,"href":"https:\/\/agromt.news\/index.php?rest_route=%2Fwp%2Fv2%2Ftags&post=16050"}],"curies":[{"name":"wp","href":"https:\/\/api.w.org\/{rel}","templated":true}]}}