{"id":15969,"date":"2025-07-01T14:37:54","date_gmt":"2025-07-01T18:37:54","guid":{"rendered":"https:\/\/agromt.news\/?p=15969"},"modified":"2025-07-01T14:37:54","modified_gmt":"2025-07-01T18:37:54","slug":"como-manter-o-gado-produtivo-mesmo-com-o-pasto-seco","status":"publish","type":"post","link":"https:\/\/agromt.news\/?p=15969","title":{"rendered":"Como manter o gado produtivo mesmo com o pasto seco?"},"content":{"rendered":"<p> <br \/>\n<\/p>\n<div>\n<p>A <strong>palavra-chave<\/strong> deste momento \u00e9 <em>planejamento<\/em>. Com a seca j\u00e1 castigando o Brasil Central e ainda com meses pela frente, o consultor Felipe Moura, especialista em pastagens, mandou um recado direto aos pecuaristas no Giro do Boi: <strong>o pasto n\u00e3o pode mais ser tratado como sobra da fazenda<\/strong>. Assista ao v\u00eddeo e confira os detalhes.<\/p>\n<figure class=\"wp-block-embed is-type-video is-provider-youtube wp-block-embed-youtube wp-embed-aspect-16-9 wp-has-aspect-ratio\">\n<p>\n<iframe title=\"SECOU O PASTO? ESPECIALISTA D\u00c1 DICAS FUNDAMENTAIS PARA ENFRENTAR A ESTIAGEM\" width=\"800\" height=\"450\" src=\"https:\/\/www.youtube.com\/embed\/F6emkh64k5E?feature=oembed\" frameborder=\"0\" allow=\"accelerometer; autoplay; clipboard-write; encrypted-media; gyroscope; picture-in-picture; web-share\" referrerpolicy=\"strict-origin-when-cross-origin\" allowfullscreen><\/iframe>\n<\/p>\n<\/figure>\n<p>Para ele, \u00e9 preciso enxergar a pastagem como uma lavoura e aplicar nela o mesmo cuidado que se tem com a soja ou o milho.<\/p>\n<h2 class=\"wp-block-heading\" id=\"h-pasto-e-lavoura-trate-como-uma-safra\">Pasto \u00e9 lavoura: trate como uma safra<\/h2>\n<figure class=\"wp-block-image size-large\"><img fetchpriority=\"high\" decoding=\"async\" width=\"1024\" height=\"576\" src=\"https:\/\/agromt.news\/wp-content\/uploads\/2025\/07\/Como-manter-o-gado-produtivo-mesmo-com-o-pasto-seco.jpg\" alt=\"Uso de drone em experimento do projeto Pecu\u00e1ria do Futuro. Foto: Graziella Galinari\/Embrapa Agricultura Digital&#10;\" class=\"wp-image-4107332\"  \/><figcaption class=\"wp-element-caption\">Uso de drone em experimento do projeto Pecu\u00e1ria do Futuro. Foto: Graziella Galinari\/Embrapa Agricultura Digital<br \/>\n<\/figcaption><\/figure>\n<p>Felipe atende fazendas de todo o Pa\u00eds com consultoria. Segundo ele, quem n\u00e3o faz planejamento forrageiro, colhe preju\u00edzo.<\/p>\n<blockquote class=\"wp-block-quote is-layout-flow wp-block-quote-is-layout-flow\">\n<p>\u201cTodo ano vai ter seca. Todo ano vai gear. Se o produtor n\u00e3o se prepara, o gado sofre e o bolso tamb\u00e9m\u201d, alerta.<\/p>\n<\/blockquote>\n<p>Usando drones, Felipe realiza diagn\u00f3sticos precisos das \u00e1reas de pasto. Ele gera mapas que mostram onde h\u00e1 solo exposto, pastagem degradada e \u00e1reas subaproveitadas.<\/p>\n<p>Esses dados ajudam a responder uma pergunta crucial: <strong>quantos bois cabem na minha fazenda?<\/strong> Muitas vezes, o produtor acha que est\u00e1 usando bem a terra, mas 70% da \u00e1rea est\u00e1 improdutiva.<\/p>\n<figure class=\"wp-block-image size-large\"><img decoding=\"async\" width=\"1024\" height=\"576\" src=\"https:\/\/agromt.news\/wp-content\/uploads\/2025\/07\/1751395073_530_Como-manter-o-gado-produtivo-mesmo-com-o-pasto-seco.jpg\" alt=\"Gado em pastagem na seca. Foto: Reprodu\u00e7\u00e3o\" class=\"wp-image-4107330\"  \/><figcaption class=\"wp-element-caption\">Gado em pastagem na seca. Foto: Reprodu\u00e7\u00e3o<br \/>\n<\/figcaption><\/figure>\n<p>Outro ponto-chave \u00e9 a <strong>nutri\u00e7\u00e3o estrat\u00e9gica<\/strong>. Nessa \u00e9poca do ano, o uso de sal proteinado ou ureado \u00e9 comum.<\/p>\n<p>Mas, segundo Felipe, <strong>suplementa\u00e7\u00e3o sem fibra no pasto pode ser prejudicial<\/strong>. Os microrganismos do r\u00famen precisam de prote\u00edna, mas tamb\u00e9m de fibra para funcionar bem.<\/p>\n<p>Por isso, \u00e9 essencial que o produtor tenha alguma forma de <strong>reserva forrageira<\/strong> para os meses de seca. Isso pode ser feito com:<\/p>\n<ul class=\"wp-block-list\">\n<li>Feno em p\u00e9,<\/li>\n<li>Silagem,<\/li>\n<li>Cana-de-a\u00e7\u00facar,<\/li>\n<li>Capineiras bem manejadas.<\/li>\n<\/ul>\n<blockquote class=\"wp-block-quote is-layout-flow wp-block-quote-is-layout-flow\">\n<p>\u201cN\u00e3o d\u00e1 para depender s\u00f3 do pasto que sobrou. Tem que entrar na seca preparado\u201d, refor\u00e7a o consultor.<\/p>\n<\/blockquote>\n<\/div>\n<div>\n<h2 class=\"wp-block-heading\" id=\"h-categorias-exigentes-precisam-de-estrategia-durante-a-estiagem\">Categorias exigentes precisam de estrat\u00e9gia durante a estiagem<\/h2>\n<figure class=\"wp-block-image size-large\"><img decoding=\"async\" width=\"1024\" height=\"576\" src=\"https:\/\/agromt.news\/wp-content\/uploads\/2025\/07\/1751395073_823_Como-manter-o-gado-produtivo-mesmo-com-o-pasto-seco.jpg\" alt=\"Lote de vacas com bezerro ao p\u00e9. Foto: Reprodu\u00e7\u00e3o\/Agropecu\u00e1ria Maragogipe\" class=\"wp-image-4107329\"  \/><figcaption class=\"wp-element-caption\">Lote de vacas com bezerro ao p\u00e9. Foto: Reprodu\u00e7\u00e3o\/Agropecu\u00e1ria Maragogipe<br \/>\n<\/figcaption><\/figure>\n<p>Durante o per\u00edodo mais cr\u00edtico, <strong>realocar os animais<\/strong> de forma inteligente \u00e9 uma sa\u00edda. Vacas secas e animais em termina\u00e7\u00e3o, por exemplo, podem ocupar \u00e1reas de pasto mais fracas. Mas mesmo assim, essas \u00e1reas precisam garantir <strong>fibra efetiva<\/strong>.<\/p>\n<p>Felipe tamb\u00e9m chama aten\u00e7\u00e3o para o manejo reprodutivo.<\/p>\n<blockquote class=\"wp-block-quote is-layout-flow wp-block-quote-is-layout-flow\">\n<p>\u201cA vaca tem que parir quando o pasto est\u00e1 bom, sen\u00e3o ela n\u00e3o recupera escore corporal e fica vazia para a pr\u00f3xima esta\u00e7\u00e3o\u201d, explica.<\/p>\n<\/blockquote>\n<p>Outro cuidado importante \u00e9 com as vacas em final de gesta\u00e7\u00e3o. Mudan\u00e7as bruscas de dieta podem causar complica\u00e7\u00f5es no parto. E se a f\u00eamea estiver fraca, o risco \u00e9 ainda maior.<\/p>\n<h2 class=\"wp-block-heading\" id=\"h-tecnologia-e-adaptacao-saidas-inteligentes-contra-a-seca\">Tecnologia e adapta\u00e7\u00e3o: sa\u00eddas inteligentes contra a seca<\/h2>\n<figure class=\"wp-block-image size-large\"><img loading=\"lazy\" decoding=\"async\" width=\"1024\" height=\"576\" src=\"https:\/\/agromt.news\/wp-content\/uploads\/2025\/07\/1751395074_427_Como-manter-o-gado-produtivo-mesmo-com-o-pasto-seco.jpg\" alt=\"\u00c1rea de cultivo de capim Massai. Foto: Divulga\u00e7\u00e3o\/Embrapa\" class=\"wp-image-4107328\"  \/><figcaption class=\"wp-element-caption\">\u00c1rea de cultivo de capim Massai. Foto: Divulga\u00e7\u00e3o\/Embrapa<br \/>\n<\/figcaption><\/figure>\n<p>Para regi\u00f5es de baixa pluviosidade, como o semi\u00e1rido, o uso de <strong>esp\u00e9cies mais resistentes<\/strong> \u00e9 fundamental.<\/p>\n<p>Felipe recomenda variedades como <strong>Massai e Andropogon<\/strong>, que aguentam melhor a seca. J\u00e1 em \u00e1reas irrigadas, o cen\u00e1rio \u00e9 outro: com <strong>piv\u00f4 e controle da \u00e1gua<\/strong>, \u00e9 poss\u00edvel produzir at\u00e9 o melhor feno do Brasil.<\/p>\n<p>Por fim, o especialista refor\u00e7a que a <strong>consultoria online<\/strong> tem encurtado dist\u00e2ncias e democratizado o acesso \u00e0 informa\u00e7\u00e3o de qualidade.<\/p>\n<p>Ele compartilha experi\u00eancias de campo e solu\u00e7\u00f5es pr\u00e1ticas em sua s\u00e9rie documental <a href=\"https:\/\/www.youtube.com\/@pasto-road\"><em>Pasto On Road<\/em><\/a>, no YouTube.<\/p>\n<blockquote class=\"wp-block-quote is-layout-flow wp-block-quote-is-layout-flow\">\n<p><strong>\u201cQuem planeja n\u00e3o sofre. Pasto \u00e9 lavoura e precisa ser tratado como tal\u201d, conclui Felipe.<\/strong><\/p>\n<\/blockquote><\/div>\n<p><br \/>\n<br \/><a href=\"https:\/\/www.canalrural.com.br\/pecuaria\/como-manter-o-gado-produtivo-mesmo-com-o-pasto-seco\/\">Source link <\/a><\/p>\n","protected":false},"excerpt":{"rendered":"<p>A palavra-chave deste momento \u00e9 planejamento. Com a seca j\u00e1 castigando o Brasil Central e ainda com meses pela frente,<\/p>\n","protected":false},"author":1,"featured_media":15970,"comment_status":"open","ping_status":"open","sticky":false,"template":"","format":"standard","meta":{"_monsterinsights_skip_tracking":false,"_monsterinsights_sitenote_active":false,"_monsterinsights_sitenote_note":"","_monsterinsights_sitenote_category":0,"_uf_show_specific_survey":0,"_uf_disable_surveys":false,"footnotes":""},"categories":[1],"tags":[],"class_list":["post-15969","post","type-post","status-publish","format-standard","has-post-thumbnail","hentry","category-news"],"_links":{"self":[{"href":"https:\/\/agromt.news\/index.php?rest_route=\/wp\/v2\/posts\/15969"}],"collection":[{"href":"https:\/\/agromt.news\/index.php?rest_route=\/wp\/v2\/posts"}],"about":[{"href":"https:\/\/agromt.news\/index.php?rest_route=\/wp\/v2\/types\/post"}],"author":[{"embeddable":true,"href":"https:\/\/agromt.news\/index.php?rest_route=\/wp\/v2\/users\/1"}],"replies":[{"embeddable":true,"href":"https:\/\/agromt.news\/index.php?rest_route=%2Fwp%2Fv2%2Fcomments&post=15969"}],"version-history":[{"count":0,"href":"https:\/\/agromt.news\/index.php?rest_route=\/wp\/v2\/posts\/15969\/revisions"}],"wp:featuredmedia":[{"embeddable":true,"href":"https:\/\/agromt.news\/index.php?rest_route=\/wp\/v2\/media\/15970"}],"wp:attachment":[{"href":"https:\/\/agromt.news\/index.php?rest_route=%2Fwp%2Fv2%2Fmedia&parent=15969"}],"wp:term":[{"taxonomy":"category","embeddable":true,"href":"https:\/\/agromt.news\/index.php?rest_route=%2Fwp%2Fv2%2Fcategories&post=15969"},{"taxonomy":"post_tag","embeddable":true,"href":"https:\/\/agromt.news\/index.php?rest_route=%2Fwp%2Fv2%2Ftags&post=15969"}],"curies":[{"name":"wp","href":"https:\/\/api.w.org\/{rel}","templated":true}]}}