{"id":15968,"date":"2025-07-01T14:12:17","date_gmt":"2025-07-01T18:12:17","guid":{"rendered":"https:\/\/agromt.news\/?p=15968"},"modified":"2025-07-01T14:12:17","modified_gmt":"2025-07-01T18:12:17","slug":"soja-fecha-junho-com-queda-em-chicago","status":"publish","type":"post","link":"https:\/\/agromt.news\/?p=15968","title":{"rendered":"Soja fecha junho com queda em Chicago"},"content":{"rendered":"<p> <br \/>\n<\/p>\n<div>\n<p>Os contratos futuros da <a href=\"https:\/\/www.agrolink.com.br\/culturas\/soja?utm_source=agrolink-detalhe-noticia&amp;utm_medium=detalhe-noticia&amp;utm_campaign=links-internos\" target=\"_blank\" rel=\"noopener\">soja<\/a> na Bolsa de Chicago encerraram a sess\u00e3o desta segunda-feira de forma mista, pressionados por estoques elevados e sinais de demanda enfraquecida. Segundo an\u00e1lise da TF Agroecon\u00f4mica, os contratos de julho e agosto da oleaginosa recuaram 0,34%, fechando em US\\$ 1.024,25 e US\\$ 1.029,75 por bushel, respectivamente.&#13;\n<\/p>\n<p>A divulga\u00e7\u00e3o dos relat\u00f3rios do USDA sobre estoques trimestrais e \u00e1rea plantada impactou diretamente as cota\u00e7\u00f5es. Embora a \u00e1rea semeada tenha ficado em linha com as expectativas \u2014 33,74 milh\u00f5es de hectares, quase igual aos 33,79 milh\u00f5es previstos em mar\u00e7o \u2014, os estoques em 1\u00ba de junho surpreenderam negativamente: 27,43 milh\u00f5es de toneladas, 3,9% acima do ano anterior e acima da m\u00e9dia projetada pelo mercado (26,67 milh\u00f5es). A fraca demanda em junho, especialmente pela China, refor\u00e7ou o vi\u00e9s de baixa.<\/p>\n<p>Apesar disso, o \u00f3leo de soja foi destaque positivo no m\u00eas. Impulsionado por fatores como o aumento do mandato de biodiesel nos EUA e tens\u00f5es no Oriente M\u00e9dio, o produto acumulou valoriza\u00e7\u00e3o de quase 12% em junho. No fechamento do dia, o contrato de \u00f3leo para julho subiu 0,11%, cotado a US\\$ 52,51 por libra-peso. J\u00e1 o farelo teve leve alta de 0,07%, encerrando a US\\$ 271,30 por tonelada curta.&#13;\n<\/p>\n<p>Condi\u00e7\u00f5es clim\u00e1ticas favor\u00e1veis no cintur\u00e3o agr\u00edcola dos EUA tamb\u00e9m pesaram sobre os pre\u00e7os, com boas chuvas registradas nesta segunda-feira. O cen\u00e1rio clim\u00e1tico positivo para o milho e a soja, somado ao desinteresse chin\u00eas pela nova safra americana, mant\u00e9m o mercado em alerta para os pr\u00f3ximos movimentos.<\/p>\n<p>Dois fatores deram suporte altista ao mercado da soja: o iminente aumento das tarifas de exporta\u00e7\u00e3o (retenciones) na Argentina, que pode desacelerar as vendas do complexo soja no pa\u00eds, e a valoriza\u00e7\u00e3o do real frente ao d\u00f3lar, que reduz a competitividade da soja brasileira. Al\u00e9m disso, o USDA confirmou a venda de 204 mil toneladas de farelo de soja dos EUA para destinos desconhecidos na safra 2025\/26, o que tamb\u00e9m contribuiu positivamente para o mercado.<br \/>&#13;<br \/>\n\u00a0&#13;\n<\/p>\n<\/p><\/div>\n<p><script data-cfasync=\"false\">\n    !function (f, b, e, v, n, t, s) {\n        if (f.fbq) return; n = f.fbq = function () {\n            n.callMethod ?\n                n.callMethod.apply(n, arguments) : n.queue.push(arguments)\n        };\n        if (!f._fbq) f._fbq = n; n.push = n; n.loaded = !0; n.version = '2.0';\n        n.queue = []; t = b.createElement(e); t.async = !0;\n        t.src = v; s = b.getElementsByTagName(e)[0];\n        s.parentNode.insertBefore(t, s)\n    }(window, document, 'script',\n        'https:\/\/connect.facebook.net\/en_US\/fbevents.js');\n    fbq('init', '522546078623747');\n    fbq('track', 'PageView');\n<\/script><br \/>\n<br \/><br \/>\n<br \/><a href=\"https:\/\/www.agrolink.com.br\/noticias\/soja-fecha-junho-com-queda-em-chicago_503464.html\">Source link <\/a><\/p>\n","protected":false},"excerpt":{"rendered":"<p>Os contratos futuros da soja na Bolsa de Chicago encerraram a sess\u00e3o desta segunda-feira de forma mista, pressionados por estoques<\/p>\n","protected":false},"author":1,"featured_media":2790,"comment_status":"open","ping_status":"open","sticky":false,"template":"","format":"standard","meta":{"_monsterinsights_skip_tracking":false,"_monsterinsights_sitenote_active":false,"_monsterinsights_sitenote_note":"","_monsterinsights_sitenote_category":0,"_uf_show_specific_survey":0,"_uf_disable_surveys":false,"footnotes":""},"categories":[8,1,14],"tags":[],"class_list":["post-15968","post","type-post","status-publish","format-standard","has-post-thumbnail","hentry","category-agro","category-news","category-politica-agro"],"_links":{"self":[{"href":"https:\/\/agromt.news\/index.php?rest_route=\/wp\/v2\/posts\/15968"}],"collection":[{"href":"https:\/\/agromt.news\/index.php?rest_route=\/wp\/v2\/posts"}],"about":[{"href":"https:\/\/agromt.news\/index.php?rest_route=\/wp\/v2\/types\/post"}],"author":[{"embeddable":true,"href":"https:\/\/agromt.news\/index.php?rest_route=\/wp\/v2\/users\/1"}],"replies":[{"embeddable":true,"href":"https:\/\/agromt.news\/index.php?rest_route=%2Fwp%2Fv2%2Fcomments&post=15968"}],"version-history":[{"count":0,"href":"https:\/\/agromt.news\/index.php?rest_route=\/wp\/v2\/posts\/15968\/revisions"}],"wp:featuredmedia":[{"embeddable":true,"href":"https:\/\/agromt.news\/index.php?rest_route=\/wp\/v2\/media\/2790"}],"wp:attachment":[{"href":"https:\/\/agromt.news\/index.php?rest_route=%2Fwp%2Fv2%2Fmedia&parent=15968"}],"wp:term":[{"taxonomy":"category","embeddable":true,"href":"https:\/\/agromt.news\/index.php?rest_route=%2Fwp%2Fv2%2Fcategories&post=15968"},{"taxonomy":"post_tag","embeddable":true,"href":"https:\/\/agromt.news\/index.php?rest_route=%2Fwp%2Fv2%2Ftags&post=15968"}],"curies":[{"name":"wp","href":"https:\/\/api.w.org\/{rel}","templated":true}]}}