{"id":15964,"date":"2025-07-01T12:39:56","date_gmt":"2025-07-01T16:39:56","guid":{"rendered":"https:\/\/agromt.news\/?p=15964"},"modified":"2025-07-01T12:39:56","modified_gmt":"2025-07-01T16:39:56","slug":"favaro-diz-que-nao-consegue-compreender-a-atual-selic","status":"publish","type":"post","link":"https:\/\/agromt.news\/?p=15964","title":{"rendered":"F\u00e1varo diz que n\u00e3o consegue &#8216;compreender&#8217; a atual Selic"},"content":{"rendered":"<p> <br \/>\n<br \/><img decoding=\"async\" src=\"https:\/\/agromt.news\/wp-content\/uploads\/2025\/07\/Favaro-diz-que-nao-consegue-compreender-a-atual-Selic.jpg\" \/><\/p>\n<div>\n<p>O ministro da Agricultura, Carlos F\u00e1varo, reclamou nesta ter\u00e7a-feira (1\u00ba) da taxa b\u00e1sica de juros, dizendo que n\u00e3o consegue \u201ccompreender\u201d o patamar atual da <strong><a href=\"http:\/\/www.canalrural.com.br\/tag\/selic\/\">Selic<\/a><\/strong>. <\/p>\n<p>\u201cCom todo o respeito ao Gal\u00edpolo e \u00e0 equipe do Banco Central, n\u00e3o consigo compreender. Temos infla\u00e7\u00e3o controlada, gastos p\u00fablicos controlados, crescimento da economia, renda da popula\u00e7\u00e3o crescendo, desemprego caindo e uma Selic de 15%\u201d, disse o ministro durante seu discurso na cerim\u00f4nia de lan\u00e7amento do Plano Safra para a agricultura empresarial.<\/p>\n<p>Segundo F\u00e1varo, a Selic nos valores atuais de 15% \u201cpressiona o <em>funding <\/em>de recursos para cr\u00e9dito rural\u201d e faz com que a \u201cpoupan\u00e7a rural n\u00e3o seja mais atrativa\u201d. <\/p>\n<\/div>\n<div>\n<p>\u201cT\u00ednhamos uma Selic de 10,5% ao ano e hoje est\u00e1 em 15%. S\u00e3o 4,5 pontos percentuais a mais que no Plano Safra do ano passado. E ainda assim, com todas essas dificuldades, o aumento da taxa de juros foram de 1,5 a 2 pontos percentuais (abaixo da Selic). O governo absorveu o aumento da Selic com a equaliza\u00e7\u00e3o\u201d, declarou, refor\u00e7ando que, ainda com o que chamou de \u201cdesafios da Selic\u201d, o governo entregou um plano com valores recordes. <\/p>\n<p>F\u00e1varo refor\u00e7ou que este \u00e9 o terceiro Plano Safra seguido com valores recordes \u2013 isso j\u00e1 havia acontecido em 2023 e em 2024 \u2013 e agradeceu ao presidente Luiz In\u00e1cio Lula da Silva. Disse ter achado \u201cdif\u00edcil\u201d repetir um plano com valores recordes, mas refor\u00e7ou a participa\u00e7\u00e3o do presidente na discuss\u00e3o. <\/p>\n<p>\u201cN\u00e3o tenho voca\u00e7\u00e3o para puxar saco, mas \u00e9 importante dizer do esfor\u00e7o da equipe do ministro Fernando Haddad, a Casa Civil, o ministro Rui Costa, Paulo Teixeira (do Desenvolvimento Agr\u00e1rio) e sua equipe. Mas foi fundamental, de novo, pelo terceiro ano, presidente, sua posi\u00e7\u00e3o. O senhor que determinou o esfor\u00e7o or\u00e7ament\u00e1rio para que a gente pudesse chegar ao dia de hoje com esse plano t\u00e3o impactante\u201d, afirmou.<\/p>\n<\/p><\/div>\n<p><br \/>\n<br \/><a href=\"https:\/\/www.canalrural.com.br\/agricultura\/favaro-diz-que-nao-consegue-compreender-a-atual-selic\/\">Source link <\/a><\/p>\n","protected":false},"excerpt":{"rendered":"<p>O ministro da Agricultura, Carlos F\u00e1varo, reclamou nesta ter\u00e7a-feira (1\u00ba) da taxa b\u00e1sica de juros, dizendo que n\u00e3o consegue \u201ccompreender\u201d<\/p>\n","protected":false},"author":1,"featured_media":15965,"comment_status":"open","ping_status":"open","sticky":false,"template":"","format":"standard","meta":{"_monsterinsights_skip_tracking":false,"_monsterinsights_sitenote_active":false,"_monsterinsights_sitenote_note":"","_monsterinsights_sitenote_category":0,"_uf_show_specific_survey":0,"_uf_disable_surveys":false,"footnotes":""},"categories":[1],"tags":[],"class_list":["post-15964","post","type-post","status-publish","format-standard","has-post-thumbnail","hentry","category-news"],"_links":{"self":[{"href":"https:\/\/agromt.news\/index.php?rest_route=\/wp\/v2\/posts\/15964"}],"collection":[{"href":"https:\/\/agromt.news\/index.php?rest_route=\/wp\/v2\/posts"}],"about":[{"href":"https:\/\/agromt.news\/index.php?rest_route=\/wp\/v2\/types\/post"}],"author":[{"embeddable":true,"href":"https:\/\/agromt.news\/index.php?rest_route=\/wp\/v2\/users\/1"}],"replies":[{"embeddable":true,"href":"https:\/\/agromt.news\/index.php?rest_route=%2Fwp%2Fv2%2Fcomments&post=15964"}],"version-history":[{"count":0,"href":"https:\/\/agromt.news\/index.php?rest_route=\/wp\/v2\/posts\/15964\/revisions"}],"wp:featuredmedia":[{"embeddable":true,"href":"https:\/\/agromt.news\/index.php?rest_route=\/wp\/v2\/media\/15965"}],"wp:attachment":[{"href":"https:\/\/agromt.news\/index.php?rest_route=%2Fwp%2Fv2%2Fmedia&parent=15964"}],"wp:term":[{"taxonomy":"category","embeddable":true,"href":"https:\/\/agromt.news\/index.php?rest_route=%2Fwp%2Fv2%2Fcategories&post=15964"},{"taxonomy":"post_tag","embeddable":true,"href":"https:\/\/agromt.news\/index.php?rest_route=%2Fwp%2Fv2%2Ftags&post=15964"}],"curies":[{"name":"wp","href":"https:\/\/api.w.org\/{rel}","templated":true}]}}