{"id":15956,"date":"2025-07-01T11:40:29","date_gmt":"2025-07-01T15:40:29","guid":{"rendered":"https:\/\/agromt.news\/?p=15956"},"modified":"2025-07-01T11:40:29","modified_gmt":"2025-07-01T15:40:29","slug":"plano-safra-vai-reduzir-precos-dos-alimentos-diz-ministro","status":"publish","type":"post","link":"https:\/\/agromt.news\/?p=15956","title":{"rendered":"Plano Safra vai reduzir pre\u00e7os dos alimentos, diz ministro"},"content":{"rendered":"<p> <br \/>\n<br \/><img decoding=\"async\" src=\"https:\/\/agromt.news\/wp-content\/uploads\/2025\/07\/Plano-Safra-vai-reduzir-precos-dos-alimentos-diz-ministro.webp.webp\" \/><\/p>\n<div>\n<p>O ministro do Desenvolvimento Agr\u00e1rio e Agricultura Familiar, Paulo Teixeira, disse nesta ter\u00e7a-feira (1\u00ba) que os pre\u00e7os dos alimentos v\u00e3o cair com o Plano Safra da Agricultura Familiar, que prev\u00ea R$ 89 bilh\u00f5es para cr\u00e9dito rural no \u00e2mbito do Programa Nacional de Fortalecimento da Agricultura Familiar<strong><a href=\"http:\/\/www.canalrural.com.br\/tag\/pronaf\/\"> (Pronaf) <\/a><\/strong>e outras pol\u00edticas. O valor \u00e9 recorde para o setor \u2013 em 2024, foram destinados R$ 76 bilh\u00f5es em recursos.<\/p>\n<p>\u201cPelo terceiro ano consecutivo, o presidente Lula lan\u00e7a tr\u00eas planos Safra recorde no Brasil, tanto da agricultura familiar quanto da agricultura empresarial. Este ano, estamos batendo novo recorde, com R$ 89 bilh\u00f5es. Isso ajuda? Ajuda. Porque, em tr\u00eas anos consecutivos, temos safras recordes no Brasil \u2013 R$ 1,2 bilh\u00e3o de toneladas de alimentos produzidos\u201d, disse.<\/p>\n<\/div>\n<div>\n<p>Ao participar de entrevista a emissoras de r\u00e1dio durante o programa <em>Bom Dia, Ministro<\/em>, produzido pela Empresa Brasil de Comunica\u00e7\u00e3o (EBC), Teixeira lembrou que os investimentos j\u00e1 se refletem na queda do pre\u00e7o do arroz, que baixou 33%; do feij\u00e3o, que caiu 10%; da batata inglesa, que teve queda de 46%; da banana, 16%; e do tomate, 29,77%.<\/p>\n<p>\u201cAo mesmo tempo em que temos a infla\u00e7\u00e3o baixando, quem lidera essa baixa na taxa de infla\u00e7\u00e3o s\u00e3o os alimentos\u201d, afirmou. \u201cEstamos vivendo um momento bom e o que o presidente Lula quer s\u00e3o alimentos baratos e de qualidade, com fartura na mesa do povo brasileiro\u201d, completou.<\/p>\n<\/p><\/div>\n<p><br \/>\n<br \/><a href=\"https:\/\/www.canalrural.com.br\/agricultura\/plano-safra-vai-reduzir-precos-dos-alimentos-diz-ministro\/\">Source link <\/a><\/p>\n","protected":false},"excerpt":{"rendered":"<p>O ministro do Desenvolvimento Agr\u00e1rio e Agricultura Familiar, Paulo Teixeira, disse nesta ter\u00e7a-feira (1\u00ba) que os pre\u00e7os dos alimentos v\u00e3o<\/p>\n","protected":false},"author":1,"featured_media":15957,"comment_status":"open","ping_status":"open","sticky":false,"template":"","format":"standard","meta":{"_monsterinsights_skip_tracking":false,"_monsterinsights_sitenote_active":false,"_monsterinsights_sitenote_note":"","_monsterinsights_sitenote_category":0,"_uf_show_specific_survey":0,"_uf_disable_surveys":false,"footnotes":""},"categories":[1],"tags":[],"class_list":["post-15956","post","type-post","status-publish","format-standard","has-post-thumbnail","hentry","category-news"],"_links":{"self":[{"href":"https:\/\/agromt.news\/index.php?rest_route=\/wp\/v2\/posts\/15956"}],"collection":[{"href":"https:\/\/agromt.news\/index.php?rest_route=\/wp\/v2\/posts"}],"about":[{"href":"https:\/\/agromt.news\/index.php?rest_route=\/wp\/v2\/types\/post"}],"author":[{"embeddable":true,"href":"https:\/\/agromt.news\/index.php?rest_route=\/wp\/v2\/users\/1"}],"replies":[{"embeddable":true,"href":"https:\/\/agromt.news\/index.php?rest_route=%2Fwp%2Fv2%2Fcomments&post=15956"}],"version-history":[{"count":0,"href":"https:\/\/agromt.news\/index.php?rest_route=\/wp\/v2\/posts\/15956\/revisions"}],"wp:featuredmedia":[{"embeddable":true,"href":"https:\/\/agromt.news\/index.php?rest_route=\/wp\/v2\/media\/15957"}],"wp:attachment":[{"href":"https:\/\/agromt.news\/index.php?rest_route=%2Fwp%2Fv2%2Fmedia&parent=15956"}],"wp:term":[{"taxonomy":"category","embeddable":true,"href":"https:\/\/agromt.news\/index.php?rest_route=%2Fwp%2Fv2%2Fcategories&post=15956"},{"taxonomy":"post_tag","embeddable":true,"href":"https:\/\/agromt.news\/index.php?rest_route=%2Fwp%2Fv2%2Ftags&post=15956"}],"curies":[{"name":"wp","href":"https:\/\/api.w.org\/{rel}","templated":true}]}}