{"id":15953,"date":"2025-07-01T11:12:11","date_gmt":"2025-07-01T15:12:11","guid":{"rendered":"https:\/\/agromt.news\/?p=15953"},"modified":"2025-07-01T11:12:11","modified_gmt":"2025-07-01T15:12:11","slug":"trigo-fortes-chuvas-no-sul-causam-prejuizos-nas-lavouras","status":"publish","type":"post","link":"https:\/\/agromt.news\/?p=15953","title":{"rendered":"Trigo: fortes chuvas no sul causam preju\u00edzos nas lavouras"},"content":{"rendered":"<p> <br \/>\n<\/p>\n<div>\n<figure><img decoding=\"async\" src=\"https:\/\/agromt.news\/wp-content\/uploads\/2024\/11\/Conab-vai-comprar-200-mil-t-de-trigo-para-auxiliar.-bela-paisagem-por-do-sol.png\" alt=\"trigo\" \/><figcaption>Foto: Freepik <\/figcaption><\/figure>\n<\/div>\n<p>As chuvas intensas registradas no Sul do Brasil na semana passada somadas \u00e0s geadas em \u00e1reas do Centro-Sul do Pa\u00eds deixaram produtores de trigo em alerta. \u00c9 isso que apontam os levantamentos do <a href=\"https:\/\/www.canalrural.com.br\/tag\/cepea\/\">Centro de Estudos Avan\u00e7ados em Economia Aplicada (Cepea)<\/a>.\u00a0<\/p>\n<p>Segundo o centro de pesquisas, o clima mais frio favorece o desenvolvimento das lavouras. Mas, por outro lado, as fortes chuvas no Rio Grande do Sul atrapalharam os trabalhos de campo e implicaram at\u00e9 em perdas em algumas lavouras.<\/p>\n<ul class=\"wp-block-list\">\n<li><em>Veja em primeira m\u00e3o tudo sobre agricultura, pecu\u00e1ria, economia e previs\u00e3o do tempo:\u00a0<\/em><a href=\"https:\/\/news.google.com\/publications\/CAAqBwgKMPKZlQswq_mqAw?hl=pt-BR&amp;gl=BR&amp;ceid=BR%3Apt-419\"><em>siga o Canal Rural no Google News!<\/em><\/a><\/li>\n<\/ul>\n<p>Dados da Conab indicam que, at\u00e9 21 de junho, 56,6% da \u00e1rea estimada havia sido semeada no Brasil. A companhia tamb\u00e9m indicou os in\u00edcios da semeadura de trigo em Santa Catarina e da colheita da safra de 2025 em Goi\u00e1s.<\/p>\n<p><em>*Sob supervis\u00e3o de Luis Roberto Toledo<\/em><\/p>\n<p>O post <a href=\"https:\/\/www.canalrural.com.br\/agricultura\/trigo-fortes-chuvas-no-sul-causam-prejuizos-nas-lavouras\/\">Trigo: fortes chuvas no sul causam preju\u00edzos nas lavouras<\/a> apareceu primeiro em <a href=\"https:\/\/www.canalrural.com.br\">Canal Rural<\/a>.<\/p>\n<p><br \/>\n<br \/><a href=\"https:\/\/www.canalrural.com.br\/agricultura\/trigo-fortes-chuvas-no-sul-causam-prejuizos-nas-lavouras\/\">Source link <\/a><\/p>\n","protected":false},"excerpt":{"rendered":"<p>Foto: Freepik As chuvas intensas registradas no Sul do Brasil na semana passada somadas \u00e0s geadas em \u00e1reas do Centro-Sul<\/p>\n","protected":false},"author":1,"featured_media":4640,"comment_status":"open","ping_status":"open","sticky":false,"template":"","format":"standard","meta":{"_monsterinsights_skip_tracking":false,"_monsterinsights_sitenote_active":false,"_monsterinsights_sitenote_note":"","_monsterinsights_sitenote_category":0,"_uf_show_specific_survey":0,"_uf_disable_surveys":false,"footnotes":""},"categories":[1],"tags":[],"class_list":["post-15953","post","type-post","status-publish","format-standard","has-post-thumbnail","hentry","category-news"],"_links":{"self":[{"href":"https:\/\/agromt.news\/index.php?rest_route=\/wp\/v2\/posts\/15953"}],"collection":[{"href":"https:\/\/agromt.news\/index.php?rest_route=\/wp\/v2\/posts"}],"about":[{"href":"https:\/\/agromt.news\/index.php?rest_route=\/wp\/v2\/types\/post"}],"author":[{"embeddable":true,"href":"https:\/\/agromt.news\/index.php?rest_route=\/wp\/v2\/users\/1"}],"replies":[{"embeddable":true,"href":"https:\/\/agromt.news\/index.php?rest_route=%2Fwp%2Fv2%2Fcomments&post=15953"}],"version-history":[{"count":0,"href":"https:\/\/agromt.news\/index.php?rest_route=\/wp\/v2\/posts\/15953\/revisions"}],"wp:featuredmedia":[{"embeddable":true,"href":"https:\/\/agromt.news\/index.php?rest_route=\/wp\/v2\/media\/4640"}],"wp:attachment":[{"href":"https:\/\/agromt.news\/index.php?rest_route=%2Fwp%2Fv2%2Fmedia&parent=15953"}],"wp:term":[{"taxonomy":"category","embeddable":true,"href":"https:\/\/agromt.news\/index.php?rest_route=%2Fwp%2Fv2%2Fcategories&post=15953"},{"taxonomy":"post_tag","embeddable":true,"href":"https:\/\/agromt.news\/index.php?rest_route=%2Fwp%2Fv2%2Ftags&post=15953"}],"curies":[{"name":"wp","href":"https:\/\/api.w.org\/{rel}","templated":true}]}}