{"id":15939,"date":"2025-07-01T07:44:36","date_gmt":"2025-07-01T11:44:36","guid":{"rendered":"https:\/\/agromt.news\/?p=15939"},"modified":"2025-07-01T07:44:36","modified_gmt":"2025-07-01T11:44:36","slug":"artesaos-do-vale-do-ribeira-visitam-a-maior-feira-de-arte-da-america-latina","status":"publish","type":"post","link":"https:\/\/agromt.news\/?p=15939","title":{"rendered":"Artes\u00e3os do Vale do Ribeira visitam \u00e0 maior feira de arte da Am\u00e9rica Latina"},"content":{"rendered":"<p> <br \/>\n<br \/><img decoding=\"async\" src=\"https:\/\/agromt.news\/wp-content\/uploads\/2025\/07\/Artesaos-do-Vale-do-Ribeira-visitam-a-maior-feira-de.jpg\" \/><\/p>\n<div>\n<p>Quem planta tamb\u00e9m pode colher arte. Esse \u00e9 o caminho de pequenos produtores rurais que transformam o que seria descartado em pe\u00e7as artesanais e \u00fanicas. Um exemplo \u00e9 a banana: al\u00e9m da fruta, o tronco, antes descartado, agora \u00e9 aproveitado como fibra \u2014 a mat\u00e9ria-prima vira utens\u00edlios dom\u00e9sticos e itens de decora\u00e7\u00e3o.<\/p>\n<p>No Vale do Ribeira, a artes\u00e3 Nat\u00e1lia Cabral Janu\u00e1rio, do grupo <a href=\"https:\/\/www.canalrural.com.br\/empreendedorismo\/grupo-de-quilombolas-transforma-fibra-da-banana-em-arte-e-garante-renda-extra\/\">quilombola Mucafre<\/a>,, \u00e9 produtora de bananas e procurou o Sebrae\/SP para apoiar a capacita\u00e7\u00e3o dela e de outras mulheres da comunidade. O objetivo: transformar o tronco da banana em arte e, assim, garantir uma segunda fonte de renda.<\/p>\n<p>\u201cAprendemos todo o processo, desde descascar o tronco, fazer a secagem, at\u00e9 o tratamento qu\u00edmico que prepara a fibra para virar artesanato\u201d, explica a artes\u00e3 que recebe encomendas de cestos e tape\u00e7arias.\u00a0<\/p>\n<p>Assim como Nat\u00e1lia, Carmem Oliveira e Ricardo Rodrigues<strong> <\/strong>tamb\u00e9m da regi\u00e3o do Vale do Ribeira, decidiram investir no artesanato. Ricardo faz pe\u00e7as n\u00e1uticas com madeiras de reuso e Carmem reaproveita conchas de ostras para criar biojoias e outros objetos decorativos e uteis para o dia a dia. Juntos comandam o ateli\u00ea <a href=\"https:\/\/www.instagram.com\/ateliemariafarinha\/?igsh=YjR2cjRzOWV5Nnph#\">Maria Farinha<\/a>.\u00a0<\/p>\n<p>Voc\u00ea sabia que os tr\u00eas empreendedores do Vale do Ribeira t\u00eam em comum? A  <a href=\"https:\/\/www.canalrural.com.br\/empreendedorismo\/conheca-os-vencedores-do-premio-brasil-artesanal-de-geleias\/\">arte<\/a>  como fonte de renda.  Pensando nesse potencial, o  <a href=\"https:\/\/sebrae.com.br\/sites\/PortalSebrae\/ufs\/SP?codUf=26\">Sebrae Vale do Ribeira <\/a>deu um passo \u00e0 frente e organizou uma miss\u00e3o para a Mega Artesanal 2025 \u2014 a maior feira de arte e artesanato da Am\u00e9rica Latina. O evento acontece entre os dias 5 e 9 de julho, no S\u00e3o Paulo Expo, e a miss\u00e3o ser\u00e1 realizada no dia 7.<\/p>\n<p>\u201cPara quem vive do artesanato ou sonha em empreender nesse universo, \u00e9 uma grande oportunidade para conhecer novas t\u00e9cnicas e materiais, fazer contatos e parcerias, se inspirar e fortalecer a atividade\u201d, destaca Carlos Alberto Pereira Junior, analista de neg\u00f3cios do Sebrae\/SP.<\/p>\n<p>Carmem, j\u00e1 sabe o que vai fazer na Mega Artesanal 2025: \u201cvou em busca de novas t\u00e9cnicas,  ferramentas, embalagens e pap\u00e9is, para aprimorar a minha arte\u201d, conta a empreendedora. <\/p>\n<\/div>\n<div>\n<ul class=\"wp-block-list\">\n<li><em>Participe do Porteira Aberta Empreender: envie perguntas, sugest\u00f5es e conte sua hist\u00f3ria de empreendedorismo pelo\u00a0<\/em><a href=\"https:\/\/api.whatsapp.com\/send?phone=5511932796720&amp;PorteiraAbertaEmpreender=SuaMensagem\"><strong>WhatsApp<\/strong><\/a><\/li>\n<\/ul>\n<h2 class=\"wp-block-heading\" id=\"h-inscricoes-abertas-nbsp\"><strong>Inscri\u00e7\u00f5es abertas\u00a0<\/strong><\/h2>\n<p>A miss\u00e3o do Vale do Ribeira ser\u00e1 dividida em tr\u00eas grupos:<\/p>\n<p>Grupo 1: Ilha Comprida, Iguape e Miracatu (18 vagas dispon\u00edveis)<\/p>\n<p>Grupo 2: Cajati, Jacupiranga, Pariquera-A\u00e7u, Registro e Juqui\u00e1 (vagas esgotadas)<\/p>\n<p>Grupo 3: Iporanga, Eldorado e Sete Barras (15 vagas dispon\u00edveis)<\/p>\n<p>A inscri\u00e7\u00e3o custa R$ 20 e pode ser feita <a href=\"https:\/\/forms.office.com\/pages\/responsepage.aspx?id=XLVgbXYlYE2uMxHfDqB5g9B_PfXhYolKtWHBX5m1mLtUNU9WUkxPV0tFT044TDhaNVVBQ1c2MVgxTi4u&amp;route=shorturl\">aqui<\/a>. O ingresso da <a href=\"https:\/\/www.wrsaopaulo.com.br\/megaartesanal\">Mega Artesanal 2025<\/a> deve ser comprado separadamente.\u00a0<\/p>\n<\/p><\/div>\n<p><script async src=\"\/\/www.instagram.com\/embed.js\"><\/script><br \/>\n<br \/><br \/>\n<br \/><a href=\"https:\/\/www.canalrural.com.br\/empreendedorismo\/artesaos-do-vale-do-ribeira-visitam-a-maior-feira-de-arte-da-america-latina\/\">Source link <\/a><\/p>\n","protected":false},"excerpt":{"rendered":"<p>Quem planta tamb\u00e9m pode colher arte. Esse \u00e9 o caminho de pequenos produtores rurais que transformam o que seria descartado<\/p>\n","protected":false},"author":1,"featured_media":15940,"comment_status":"open","ping_status":"open","sticky":false,"template":"","format":"standard","meta":{"_monsterinsights_skip_tracking":false,"_monsterinsights_sitenote_active":false,"_monsterinsights_sitenote_note":"","_monsterinsights_sitenote_category":0,"_uf_show_specific_survey":0,"_uf_disable_surveys":false,"footnotes":""},"categories":[1],"tags":[],"class_list":["post-15939","post","type-post","status-publish","format-standard","has-post-thumbnail","hentry","category-news"],"_links":{"self":[{"href":"https:\/\/agromt.news\/index.php?rest_route=\/wp\/v2\/posts\/15939"}],"collection":[{"href":"https:\/\/agromt.news\/index.php?rest_route=\/wp\/v2\/posts"}],"about":[{"href":"https:\/\/agromt.news\/index.php?rest_route=\/wp\/v2\/types\/post"}],"author":[{"embeddable":true,"href":"https:\/\/agromt.news\/index.php?rest_route=\/wp\/v2\/users\/1"}],"replies":[{"embeddable":true,"href":"https:\/\/agromt.news\/index.php?rest_route=%2Fwp%2Fv2%2Fcomments&post=15939"}],"version-history":[{"count":0,"href":"https:\/\/agromt.news\/index.php?rest_route=\/wp\/v2\/posts\/15939\/revisions"}],"wp:featuredmedia":[{"embeddable":true,"href":"https:\/\/agromt.news\/index.php?rest_route=\/wp\/v2\/media\/15940"}],"wp:attachment":[{"href":"https:\/\/agromt.news\/index.php?rest_route=%2Fwp%2Fv2%2Fmedia&parent=15939"}],"wp:term":[{"taxonomy":"category","embeddable":true,"href":"https:\/\/agromt.news\/index.php?rest_route=%2Fwp%2Fv2%2Fcategories&post=15939"},{"taxonomy":"post_tag","embeddable":true,"href":"https:\/\/agromt.news\/index.php?rest_route=%2Fwp%2Fv2%2Ftags&post=15939"}],"curies":[{"name":"wp","href":"https:\/\/api.w.org\/{rel}","templated":true}]}}