{"id":15936,"date":"2025-07-01T04:44:42","date_gmt":"2025-07-01T08:44:42","guid":{"rendered":"https:\/\/agromt.news\/?p=15936"},"modified":"2025-07-01T04:44:42","modified_gmt":"2025-07-01T08:44:42","slug":"climatempo-alerta-para-frio-geada-e-temporais-veja-o-que-esperar-do-tempo-hoje","status":"publish","type":"post","link":"https:\/\/agromt.news\/?p=15936","title":{"rendered":"Climatempo alerta para frio, geada e temporais; veja o que esperar do tempo hoje"},"content":{"rendered":"<p> <br \/>\n<br \/><img decoding=\"async\" src=\"https:\/\/agromt.news\/wp-content\/uploads\/2025\/07\/Climatempo-alerta-para-frio-geada-e-temporais-veja-o-que.jpg\" \/><\/p>\n<div>\n<p>Esta ter\u00e7a-feira (1\u00ba) ser\u00e1 marcada por contrastes extremos no Brasil, com frio intenso e geadas no Sul, temporais no Nordeste e Norte, al\u00e9m de tempo inst\u00e1vel no Sudeste, de acordo com a previs\u00e3o do tempo elaborada pelos meteorologistas da <strong><a href=\"https:\/\/www.canalrural.com.br\/autor\/climatempo\/\">Climatempo<\/a><\/strong>. <\/p>\n<div data-icp-cta=\"1\" id=\"icp-cta-unique\">Voc\u00ea quer entender como usar o clima a seu favor?<b> <\/b><a href=\"https:\/\/climacampo.canalrural.com.br\/climacampo_-01\">Preparamos um e-book exclusivo<\/a> para ajudar produtores rurais a se antecipar \u00e0s mudan\u00e7as do tempo e planejar melhor suas a\u00e7\u00f5es. Com base em previs\u00f5es meteorol\u00f3gicas confi\u00e1veis, ele oferece orienta\u00e7\u00f5es pr\u00e1ticas para proteger sua lavoura e otimizar seus resultados.<\/div>\n<p>A massa de ar polar mant\u00e9m temperaturas baixas em v\u00e1rias regi\u00f5es, enquanto pancadas de chuva fortes avan\u00e7am sobre cidades litor\u00e2neas, exigindo aten\u00e7\u00e3o redobrada da popula\u00e7\u00e3o.<\/p>\n<p>Confira como ficam as condi\u00e7\u00f5es em todas as regi\u00f5es do pa\u00eds.<\/p>\n<h2 class=\"wp-block-heading\" id=\"h-sul-geada-pode-atingir-os-tres-estados\">Sul: geada pode atingir os tr\u00eas estados<\/h2>\n<p>A massa de ar polar segue ganhando for\u00e7a e mant\u00e9m o tempo firme em grande parte da regi\u00e3o Sul. Segundo a Climatempo, o Rio Grande do Sul, Santa Catarina e a maior parte do Paran\u00e1 ter\u00e3o um dia de sol, sem previs\u00e3o de chuva. Entretanto, nas \u00e1reas do norte e nordeste paranaense, h\u00e1 possibilidade de pancadas isoladas de chuva, com fraca a moderada intensidade ao longo do dia, devido \u00e0 circula\u00e7\u00e3o do mar para o continente. H\u00e1 previs\u00e3o de geada na faixa oeste, sudoeste e sul do Paran\u00e1, e em todo o territ\u00f3rio de Santa Catarina e do Rio Grande do Sul.<\/p>\n<p>As rajadas de vento sopram entre 51 e 70 km\/h no litoral do Rio Grande do Sul. No litoral catarinense, h\u00e1 previs\u00e3o de ressaca entre Laguna e Florian\u00f3polis, com ondas de at\u00e9 3,5 m.<\/p>\n<h2 class=\"wp-block-heading\" id=\"h-sudeste-tempo-instavel-e-frio-em-sao-paulo-e-no-rio-de-janeiro\">Sudeste: tempo inst\u00e1vel e frio em S\u00e3o Paulo e no Rio de Janeiro<\/h2>\n<p>O avan\u00e7o da frente fria sobre o oceano favorece a forma\u00e7\u00e3o de nuvens carregadas no leste e litoral de S\u00e3o Paulo e do Rio de Janeiro. Nessas \u00e1reas, a meteorologia prev\u00eas pancadas de chuva entre a madrugada e a manh\u00e3, com moderada a forte intensidade, e alerta para temporais na regi\u00e3o central paulista. <\/p>\n<\/div>\n<div>\n<p>No litoral capixaba, a entrada de ventos \u00famidos mant\u00e9m a possibilidade de chuvas fracas a moderadas. J\u00e1 em Minas Gerais, o tempo firme predomina. A Climatempo chama aten\u00e7\u00e3o para a umidade relativa do ar, que ficar\u00e1 abaixo de 30% nos hor\u00e1rios mais quentes do dia na faixa noroeste de S\u00e3o Paulo.<\/p>\n<h2 class=\"wp-block-heading\" id=\"h-centro-oeste-ar-frio-mantem-temperaturas-baixas-em-mt-e-ms\">Centro-Oeste: ar frio mant\u00e9m temperaturas baixas em MT e MS<\/h2>\n<p>O m\u00eas come\u00e7a mais seco e ensolarado na regi\u00e3o. As temperaturas permanecem mais baixas em Mato Grosso do Sul e Mato Grosso, devido \u00e0 atua\u00e7\u00e3o da massa de ar frio. Em Goi\u00e1s e no Distrito Federal, o dia segue com sol forte e temperaturas elevadas \u00e0 tarde. Destaque para a faixa nordeste de Mato Grosso e o norte de Goi\u00e1s, onde a umidade relativa do ar ficar\u00e1 abaixo de 30%.<\/p>\n<p>Nordeste: temporais atingem \u00e1rea do litoral<\/p>\n<p>Os ventos \u00famidos do oceano espalham instabilidades por boa parte da regi\u00e3o. Pancadas de chuva ganham for\u00e7a, principalmente no Maranh\u00e3o, Rio Grande do Norte e Pernambuco. H\u00e1 alerta de temporal no litoral de Pernambuco. <\/p>\n<p>No restante da regi\u00e3o, a Climatempo indica que a chuva deve chegar com moderada a forte intensidade. No interior nordestino, o tempo permanece seco, com umidade relativa do ar ficando abaixo de 30% nos hor\u00e1rios mais quentes do dia.<\/p>\n<p>Norte: aten\u00e7\u00e3o para chuva de forte intensidade<\/p>\n<p>A chuva chega na forma de pancadas com moderada a forte intensidade entre o oeste do Acre, centro-norte do Amazonas, norte do Par\u00e1, Roraima e Amap\u00e1. Para o restante das regi\u00f5es, o sol predomina ao longo do dia, sem chuva.<\/p>\n<\/p><\/div>\n<p><br \/>\n<br \/><a href=\"https:\/\/www.canalrural.com.br\/tempo\/climatempo-alerta-para-frio-geada-e-temporais-veja-o-que-esperar-do-tempo-hoje\/\">Source link <\/a><\/p>\n","protected":false},"excerpt":{"rendered":"<p>Esta ter\u00e7a-feira (1\u00ba) ser\u00e1 marcada por contrastes extremos no Brasil, com frio intenso e geadas no Sul, temporais no Nordeste<\/p>\n","protected":false},"author":1,"featured_media":15937,"comment_status":"open","ping_status":"open","sticky":false,"template":"","format":"standard","meta":{"_monsterinsights_skip_tracking":false,"_monsterinsights_sitenote_active":false,"_monsterinsights_sitenote_note":"","_monsterinsights_sitenote_category":0,"_uf_show_specific_survey":0,"_uf_disable_surveys":false,"footnotes":""},"categories":[1],"tags":[],"class_list":["post-15936","post","type-post","status-publish","format-standard","has-post-thumbnail","hentry","category-news"],"_links":{"self":[{"href":"https:\/\/agromt.news\/index.php?rest_route=\/wp\/v2\/posts\/15936"}],"collection":[{"href":"https:\/\/agromt.news\/index.php?rest_route=\/wp\/v2\/posts"}],"about":[{"href":"https:\/\/agromt.news\/index.php?rest_route=\/wp\/v2\/types\/post"}],"author":[{"embeddable":true,"href":"https:\/\/agromt.news\/index.php?rest_route=\/wp\/v2\/users\/1"}],"replies":[{"embeddable":true,"href":"https:\/\/agromt.news\/index.php?rest_route=%2Fwp%2Fv2%2Fcomments&post=15936"}],"version-history":[{"count":0,"href":"https:\/\/agromt.news\/index.php?rest_route=\/wp\/v2\/posts\/15936\/revisions"}],"wp:featuredmedia":[{"embeddable":true,"href":"https:\/\/agromt.news\/index.php?rest_route=\/wp\/v2\/media\/15937"}],"wp:attachment":[{"href":"https:\/\/agromt.news\/index.php?rest_route=%2Fwp%2Fv2%2Fmedia&parent=15936"}],"wp:term":[{"taxonomy":"category","embeddable":true,"href":"https:\/\/agromt.news\/index.php?rest_route=%2Fwp%2Fv2%2Fcategories&post=15936"},{"taxonomy":"post_tag","embeddable":true,"href":"https:\/\/agromt.news\/index.php?rest_route=%2Fwp%2Fv2%2Ftags&post=15936"}],"curies":[{"name":"wp","href":"https:\/\/api.w.org\/{rel}","templated":true}]}}