{"id":15935,"date":"2025-07-01T04:28:34","date_gmt":"2025-07-01T08:28:34","guid":{"rendered":"https:\/\/agromt.news\/?p=15935"},"modified":"2025-07-01T04:28:34","modified_gmt":"2025-07-01T08:28:34","slug":"temperaturas-despencam-no-rs-e-sensacao-termica-pode-chegar-a-5c-nos-proximos-dias","status":"publish","type":"post","link":"https:\/\/agromt.news\/?p=15935","title":{"rendered":"Temperaturas despencam no RS e sensa\u00e7\u00e3o t\u00e9rmica pode chegar a -5\u00b0C nos pr\u00f3ximos dias"},"content":{"rendered":"<p> <br \/>\n<\/p>\n<div>\n<p style=\"text-align:justify\">O Rio Grande do Sul entra em um novo per\u00edodo clim\u00e1tico marcado por frio severo e tempo mais est\u00e1vel, conforme atualiza\u00e7\u00e3o divulgada pela Defesa Civil estadual. Ap\u00f3s dias de precipita\u00e7\u00f5es intensas, a tend\u00eancia para os pr\u00f3ximos dias \u00e9 de tr\u00e9gua nas chuvas e queda acentuada nas temperaturas, com previs\u00e3o de geadas amplas e m\u00ednimas que podem chegar a -5\u00b0C em algumas regi\u00f5es.&#13;\n<\/p>\n<p style=\"text-align:justify\">De acordo com informa\u00e7\u00f5es divulgadas pelo Centro de Monitoramento da Defesa Civil, a forma\u00e7\u00e3o de um ciclone extratropical no oceano contribuiu, ainda no domingo (29), para chuvas fracas a moderadas, especialmente nas regi\u00f5es Norte, Nordeste e Sul. No entanto, o avan\u00e7o de uma massa de ar polar j\u00e1 vinha promovendo a diminui\u00e7\u00e3o gradual da instabilidade, favorecendo a retomada do tempo firme a partir da segunda-feira (30).<\/p>\n<p style=\"text-align:justify\">Com a atua\u00e7\u00e3o de um sistema de alta press\u00e3o, o frio se intensificou sobre o territ\u00f3rio ga\u00facho. As m\u00ednimas j\u00e1 come\u00e7aram a registrar valores negativos, especialmente no Oeste, Campanha, Serra e Centro-Norte. Na ter\u00e7a-feira (1\u00ba), os term\u00f4metros chegaram a marcar entre -5\u00b0C e 6\u00b0C nas primeiras horas do dia, com geada generalizada. As m\u00e1ximas, por sua vez, n\u00e3o ultrapassaram os 11\u00b0C em nenhuma regi\u00e3o, mantendo o padr\u00e3o de frio rigoroso que deve se estender at\u00e9 o fim da semana.&#13;\n<\/p>\n<p style=\"text-align:justify\"><a href=\"https:\/\/www.agrolink.com.br\/agrotempo?utm_source=agrolink-detalhe-noticia&amp;utm_medium=detalhe-noticia&amp;utm_campaign=links-internos\" target=\"_blank\" rel=\"noopener\">Clique aqui e acesse AGROTEMPO<\/a><\/p>\n<p style=\"text-align:justify\">Al\u00e9m do frio extremo, os ventos seguem fortes no Litoral, com rajadas que variam entre 40 e 60 km\/h, mantendo o mar agitado. A previs\u00e3o \u00e9 de que o padr\u00e3o clim\u00e1tico se mantenha nos pr\u00f3ximos dias, com geada recorrente e temperaturas que n\u00e3o devem ultrapassar os 14\u00b0C nem mesmo durante as tardes. A quarta-feira (2) seguir\u00e1 sob influ\u00eancia da mesma massa de ar frio, mantendo o cen\u00e1rio de geadas amplas e temperaturas pr\u00f3ximas de 0\u00b0C na maioria das regi\u00f5es.<\/p>\n<p style=\"text-align:justify\">No cen\u00e1rio hidrol\u00f3gico, apesar da tr\u00e9gua nas chuvas, os efeitos das precipita\u00e7\u00f5es acumuladas nos \u00faltimos dias ainda s\u00e3o sentidos. Rios como o Taquari, Ca\u00ed, Jacu\u00ed e Gua\u00edba seguem com n\u00edveis elevados, em alguns casos acima das cotas de alerta. A Defesa Civil monitora poss\u00edveis eleva\u00e7\u00f5es do Gua\u00edba, impulsionadas pela mudan\u00e7a dos ventos e pelas cheias que se deslocam das bacias do interior do estado. A Lagoa dos Patos tamb\u00e9m apresenta eleva\u00e7\u00e3o gradual, reflexo do escoamento das \u00e1guas da Regi\u00e3o Metropolitana e da Serra.&#13;\n<\/p>\n<\/p><\/div>\n<p><script data-cfasync=\"false\">\n    !function (f, b, e, v, n, t, s) {\n        if (f.fbq) return; n = f.fbq = function () {\n            n.callMethod ?\n                n.callMethod.apply(n, arguments) : n.queue.push(arguments)\n        };\n        if (!f._fbq) f._fbq = n; n.push = n; n.loaded = !0; n.version = '2.0';\n        n.queue = []; t = b.createElement(e); t.async = !0;\n        t.src = v; s = b.getElementsByTagName(e)[0];\n        s.parentNode.insertBefore(t, s)\n    }(window, document, 'script',\n        'https:\/\/connect.facebook.net\/en_US\/fbevents.js');\n    fbq('init', '522546078623747');\n    fbq('track', 'PageView');\n<\/script><br \/>\n<br \/><br \/>\n<br \/><a href=\"https:\/\/www.agrolink.com.br\/noticias\/temperaturas-despencam-no-rs-e-sensacao-termica-pode-chegar-a--5-c-nos-proximos-dias_503414.html\">Source link <\/a><\/p>\n","protected":false},"excerpt":{"rendered":"<p>O Rio Grande do Sul entra em um novo per\u00edodo clim\u00e1tico marcado por frio severo e tempo mais est\u00e1vel, conforme<\/p>\n","protected":false},"author":1,"featured_media":12642,"comment_status":"open","ping_status":"open","sticky":false,"template":"","format":"standard","meta":{"_monsterinsights_skip_tracking":false,"_monsterinsights_sitenote_active":false,"_monsterinsights_sitenote_note":"","_monsterinsights_sitenote_category":0,"_uf_show_specific_survey":0,"_uf_disable_surveys":false,"footnotes":""},"categories":[8,1,14],"tags":[],"class_list":["post-15935","post","type-post","status-publish","format-standard","has-post-thumbnail","hentry","category-agro","category-news","category-politica-agro"],"_links":{"self":[{"href":"https:\/\/agromt.news\/index.php?rest_route=\/wp\/v2\/posts\/15935"}],"collection":[{"href":"https:\/\/agromt.news\/index.php?rest_route=\/wp\/v2\/posts"}],"about":[{"href":"https:\/\/agromt.news\/index.php?rest_route=\/wp\/v2\/types\/post"}],"author":[{"embeddable":true,"href":"https:\/\/agromt.news\/index.php?rest_route=\/wp\/v2\/users\/1"}],"replies":[{"embeddable":true,"href":"https:\/\/agromt.news\/index.php?rest_route=%2Fwp%2Fv2%2Fcomments&post=15935"}],"version-history":[{"count":0,"href":"https:\/\/agromt.news\/index.php?rest_route=\/wp\/v2\/posts\/15935\/revisions"}],"wp:featuredmedia":[{"embeddable":true,"href":"https:\/\/agromt.news\/index.php?rest_route=\/wp\/v2\/media\/12642"}],"wp:attachment":[{"href":"https:\/\/agromt.news\/index.php?rest_route=%2Fwp%2Fv2%2Fmedia&parent=15935"}],"wp:term":[{"taxonomy":"category","embeddable":true,"href":"https:\/\/agromt.news\/index.php?rest_route=%2Fwp%2Fv2%2Fcategories&post=15935"},{"taxonomy":"post_tag","embeddable":true,"href":"https:\/\/agromt.news\/index.php?rest_route=%2Fwp%2Fv2%2Ftags&post=15935"}],"curies":[{"name":"wp","href":"https:\/\/api.w.org\/{rel}","templated":true}]}}