{"id":15932,"date":"2025-07-01T02:32:34","date_gmt":"2025-07-01T06:32:34","guid":{"rendered":"https:\/\/agromt.news\/?p=15932"},"modified":"2025-07-01T02:32:34","modified_gmt":"2025-07-01T06:32:34","slug":"aprenda-a-fazer-o-manejo-da-lagarta-preta-da-soja","status":"publish","type":"post","link":"https:\/\/agromt.news\/?p=15932","title":{"rendered":"Aprenda a fazer o manejo da lagarta-preta da soja"},"content":{"rendered":"<p> <br \/>\n<\/p>\n<div>\n<div class=\"row\">\n<div class=\"col-lg col-infos mt-0 mt-lg-0\">\n<div class=\"section-sub-title\">\n<p itemprop=\"description\">&#13;<br \/>\n                                Essa lagarta possui marcas espec\u00edficas para sua identifica\u00e7\u00e3o&#13;\n                            <\/p>\n<\/p><\/div>\n<div class=\"container\">\n<div class=\"row\">\n<div class=\"col-lg p-0\">\n<div>\n<div class=\"block-news-main-infos mt-3 text-start\">\n<p>                                            <strong class=\"fn\" itemprop=\"author\" style=\"color: rgb(112, 112, 112); \">&#13;<br \/>\n                                                <a href=\"https:\/\/www.agrolink.com.br\/noticias\/javascript:;\" class=\"text-uppercase\" target=\"_blank\" style=\"color: rgb(112, 112, 112); \" rel=\"noopener\">Agrolink<\/a>&#13;<br \/>\n&#13;<br \/>\n                                                    &#8211; Leonardo Gottems&#13;<br \/>\n&#13;<br \/>\n                                            <\/strong><br \/>\n                                        <\/p>\n<p>                                            <abbr><time datetime=\"2025-06-30T06:48\" itemprop=\"datePublished dateModified\">Publicado em 30\/06\/2025 \u00e0s 06:48h.<\/time><\/abbr><br \/>\n                                            <\/p><\/div>\n<\/p><\/div>\n<\/p><\/div>\n<div class=\"col-lg p-0 text-lg-end\">\n<div>\n<div id=\"mdEnviarPagina\" class=\"modal fade\" role=\"dialog\">\n<div class=\"modal-dialog\">\n<div class=\"modal-content\">\n<div class=\"modal-body\">\n<p><strong>Estimado usu\u00e1rio.<\/strong><br \/>Preencha o formul\u00e1rio abaixo para remeter a p\u00e1gina.<\/p>\n<\/p><\/div>\n<\/p><\/div>\n<\/p><\/div>\n<\/div><\/div>\n<\/p><\/div>\n<\/p><\/div>\n<\/p><\/div>\n<\/p><\/div>\n<\/p><\/div>\n<div class=\"row justify-content-md-center mt-3\">\n<div class=\"col-lg-auto col-image block-news-main-image\">\n<p>                                <img decoding=\"async\" src=\"https:\/\/www.agrolink.com.br\/upload\/imagens-resizes\/43e1ddc23dd44dab8fcfcf3a0331df8a_858x483.jpg\" class=\"lazyload img-fluid\" alt=\"Essa lagarta possui marcas espec\u00edficas para sua identifica\u00e7\u00e3o\"\/><br \/>\n                                                <span class=\"d-block mt-1\">Essa lagarta possui marcas espec\u00edficas para sua identifica\u00e7\u00e3o &#8211; Foto: Nadia Borges<\/span><\/p><\/div>\n<\/p><\/div>\n<div class=\"section-description section-description-noticias mt-3\">\n<p>A <a href=\"https:\/\/www.agrolink.com.br\/agrolinkfito\/manejo-integrado\/manejo-integrado-de-pragas\/como-controlar-a-lagarta-das-vagens-e-lagarta-das-folhas-_487251.html\" target=\"_blank\" rel=\"noopener\">Spodoptera cosmioides<\/a>, popularmente conhecida como lagarta-preta da <a href=\"https:\/\/www.agrolink.com.br\/culturas\/soja?utm_source=agrolink-detalhe-noticia&amp;utm_medium=detalhe-noticia&amp;utm_campaign=links-internos\" target=\"_blank\" rel=\"noopener\">soja<\/a>, vem se destacando como uma das pragas mais agressivas para as culturas de <a href=\"https:\/\/www.agrolink.com.br\/culturas\/soja?utm_source=agrolink-detalhe-noticia&amp;utm_medium=detalhe-noticia&amp;utm_campaign=links-internos\" target=\"_blank\" rel=\"noopener\">soja<\/a>, <a href=\"https:\/\/www.agrolink.com.br\/culturas\/milho?utm_source=agrolink-detalhe-noticia&amp;utm_medium=detalhe-noticia&amp;utm_campaign=links-internos&#9;\" target=\"_blank\" rel=\"noopener\">milho<\/a> e <a href=\"https:\/\/www.agrolink.com.br\/culturas\/algodao\/\" target=\"_blank\" rel=\"noopener\">algod\u00e3o<\/a> no Brasil. Segundo Gabriel Barros, Professor Licenciado em Ci\u00eancias Agr\u00e1rias, conhecer suas caracter\u00edsticas \u00e9 fundamental para o controle eficiente e a redu\u00e7\u00e3o de danos nas planta\u00e7\u00f5es.&#13;\n<\/p>\n<p>Essa lagarta possui marcas espec\u00edficas para sua identifica\u00e7\u00e3o. Apresenta listras alaranjadas e uma linha m\u00e9dio-dorsal fina e amarela ao longo do corpo. Um dos sinais mais evidentes \u00e9 o \u201cY\u201d invertido na cabe\u00e7a, que facilita o reconhecimento no campo. Os adultos t\u00eam colora\u00e7\u00e3o marrom, com diferen\u00e7as entre machos e f\u00eameas, e a postura dos ovos \u00e9 feita em massa, protegida por escamas produzidas pela f\u00eamea.<\/p>\n<p>O perigo da lagarta-preta reside na sua agressividade superior \u00e0s outras esp\u00e9cies do g\u00eanero Spodoptera. Ela ataca diversas partes da planta, como folhas, hastes e vagens, podendo causar grandes preju\u00edzos \u00e0 produtividade se o manejo n\u00e3o for realizado a tempo. Por isso, o monitoramento constante \u00e9 essencial para identificar o in\u00edcio da infesta\u00e7\u00e3o.&#13;\n<\/p>\n<p>Para controlar essa praga, Barros recomenda o Manejo Integrado de Pragas (MIP), que combina o monitoramento, o uso de armadilhas, o controle biol\u00f3gico e a aplica\u00e7\u00e3o seletiva de inseticidas. Essa estrat\u00e9gia promove o controle eficiente da lagarta-preta, reduzindo a necessidade de produtos qu\u00edmicos e minimizando impactos ambientais, al\u00e9m de proteger a sa\u00fade da lavoura e do produtor.<\/p>\n<p>O uso do MIP tamb\u00e9m contribui para a sustentabilidade da agricultura, garantindo que as plantas possam se desenvolver com menos estresse e proporcionando colheitas mais produtivas e de qualidade. Dessa forma, o manejo adequado da lagarta-preta da soja \u00e9 um passo fundamental para o sucesso das culturas no Brasil.<br \/>&#13;<br \/>\n\u00a0&#13;\n<\/p>\n<\/p><\/div>\n<\/p><\/div>\n<p><script data-cfasync=\"false\">\n    !function (f, b, e, v, n, t, s) {\n        if (f.fbq) return; n = f.fbq = function () {\n            n.callMethod ?\n                n.callMethod.apply(n, arguments) : n.queue.push(arguments)\n        };\n        if (!f._fbq) f._fbq = n; n.push = n; n.loaded = !0; n.version = '2.0';\n        n.queue = []; t = b.createElement(e); t.async = !0;\n        t.src = v; s = b.getElementsByTagName(e)[0];\n        s.parentNode.insertBefore(t, s)\n    }(window, document, 'script',\n        'https:\/\/connect.facebook.net\/en_US\/fbevents.js');\n    fbq('init', '522546078623747');\n    fbq('track', 'PageView');\n<\/script><br \/>\n<br \/><br \/>\n<br \/><a href=\"https:\/\/www.agrolink.com.br\/noticias\/aprenda-a-fazer-o-manejo-da-lagarta-preta-da-soja_503415.html\">Source link <\/a><\/p>\n","protected":false},"excerpt":{"rendered":"<p>&#13; Essa lagarta possui marcas espec\u00edficas para sua identifica\u00e7\u00e3o&#13; &#13; Agrolink&#13; &#13; &#8211; Leonardo Gottems&#13; &#13; Publicado em 30\/06\/2025 \u00e0s<\/p>\n","protected":false},"author":1,"featured_media":5278,"comment_status":"open","ping_status":"open","sticky":false,"template":"","format":"standard","meta":{"_monsterinsights_skip_tracking":false,"_monsterinsights_sitenote_active":false,"_monsterinsights_sitenote_note":"","_monsterinsights_sitenote_category":0,"_uf_show_specific_survey":0,"_uf_disable_surveys":false,"footnotes":""},"categories":[8,1,14],"tags":[],"class_list":["post-15932","post","type-post","status-publish","format-standard","has-post-thumbnail","hentry","category-agro","category-news","category-politica-agro"],"_links":{"self":[{"href":"https:\/\/agromt.news\/index.php?rest_route=\/wp\/v2\/posts\/15932"}],"collection":[{"href":"https:\/\/agromt.news\/index.php?rest_route=\/wp\/v2\/posts"}],"about":[{"href":"https:\/\/agromt.news\/index.php?rest_route=\/wp\/v2\/types\/post"}],"author":[{"embeddable":true,"href":"https:\/\/agromt.news\/index.php?rest_route=\/wp\/v2\/users\/1"}],"replies":[{"embeddable":true,"href":"https:\/\/agromt.news\/index.php?rest_route=%2Fwp%2Fv2%2Fcomments&post=15932"}],"version-history":[{"count":0,"href":"https:\/\/agromt.news\/index.php?rest_route=\/wp\/v2\/posts\/15932\/revisions"}],"wp:featuredmedia":[{"embeddable":true,"href":"https:\/\/agromt.news\/index.php?rest_route=\/wp\/v2\/media\/5278"}],"wp:attachment":[{"href":"https:\/\/agromt.news\/index.php?rest_route=%2Fwp%2Fv2%2Fmedia&parent=15932"}],"wp:term":[{"taxonomy":"category","embeddable":true,"href":"https:\/\/agromt.news\/index.php?rest_route=%2Fwp%2Fv2%2Fcategories&post=15932"},{"taxonomy":"post_tag","embeddable":true,"href":"https:\/\/agromt.news\/index.php?rest_route=%2Fwp%2Fv2%2Ftags&post=15932"}],"curies":[{"name":"wp","href":"https:\/\/api.w.org\/{rel}","templated":true}]}}