{"id":15931,"date":"2025-07-01T00:36:09","date_gmt":"2025-07-01T04:36:09","guid":{"rendered":"https:\/\/agromt.news\/?p=15931"},"modified":"2025-07-01T00:36:09","modified_gmt":"2025-07-01T04:36:09","slug":"precos-do-feijao-oscilam-e-assustam-produtores","status":"publish","type":"post","link":"https:\/\/agromt.news\/?p=15931","title":{"rendered":"Pre\u00e7os do feij\u00e3o oscilam e assustam produtores"},"content":{"rendered":"<p> <br \/>\n<\/p>\n<div>\n<div class=\"row\">\n<div class=\"col-lg col-infos mt-0 mt-lg-0\">\n<div class=\"section-sub-title\">\n<p itemprop=\"description\">&#13;<br \/>\n                                Para o Ibrafe, essa volatilidade j\u00e1 era esperada&#13;\n                            <\/p>\n<\/p><\/div>\n<div class=\"container\">\n<div class=\"row\">\n<div class=\"col-lg p-0\">\n<div>\n<div class=\"block-news-main-infos mt-3 text-start\">\n<p>                                            <strong class=\"fn\" itemprop=\"author\" style=\"color: rgb(112, 112, 112); \">&#13;<br \/>\n                                                <a href=\"https:\/\/www.agrolink.com.br\/noticias\/javascript:;\" class=\"text-uppercase\" target=\"_blank\" style=\"color: rgb(112, 112, 112); \" rel=\"noopener\">Agrolink<\/a>&#13;<br \/>\n&#13;<br \/>\n                                                    &#8211; Leonardo Gottems&#13;<br \/>\n&#13;<br \/>\n                                            <\/strong><br \/>\n                                        <\/p>\n<p>                                            <abbr><time datetime=\"2025-06-30T06:53\" itemprop=\"datePublished dateModified\">Publicado em 30\/06\/2025 \u00e0s 06:53h.<\/time><\/abbr><br \/>\n                                            <\/p><\/div>\n<\/p><\/div>\n<\/p><\/div>\n<div class=\"col-lg p-0 text-lg-end\">\n<div>\n<div id=\"mdEnviarPagina\" class=\"modal fade\" role=\"dialog\">\n<div class=\"modal-dialog\">\n<div class=\"modal-content\">\n<div class=\"modal-body\">\n<p><strong>Estimado usu\u00e1rio.<\/strong><br \/>Preencha o formul\u00e1rio abaixo para remeter a p\u00e1gina.<\/p>\n<\/p><\/div>\n<\/p><\/div>\n<\/p><\/div>\n<\/div><\/div>\n<\/p><\/div>\n<\/p><\/div>\n<\/p><\/div>\n<\/p><\/div>\n<\/p><\/div>\n<div class=\"row justify-content-md-center mt-3\">\n<div class=\"col-lg-auto col-image block-news-main-image\">\n<p>                                <img decoding=\"async\" src=\"https:\/\/www.agrolink.com.br\/upload\/imagens-resizes\/3be0f8944cdd4381b758a46ef74c2b02_858x483.jpg\" class=\"lazyload img-fluid\" alt=\"Para o Ibrafe, essa volatilidade j\u00e1 era esperada\"\/><br \/>\n                                                <span class=\"d-block mt-1\">Para o Ibrafe, essa volatilidade j\u00e1 era esperada &#8211; Foto: Canva<\/span><\/p><\/div>\n<\/p><\/div>\n<div class=\"section-description section-description-noticias mt-3\">\n<p>O mercado de <a href=\"https:\/\/www.agrolink.com.br\/culturas\/feijao\/?utm_source=agrolink-detalhe-noticia&amp;utm_medium=detalhe-noticia&amp;utm_campaign=links-internos\" target=\"_blank\" rel=\"noopener\">feij\u00e3o<\/a> vive uma verdadeira montanha-russa, com pre\u00e7os que oscilam entre o glamour e o desespero. Segundo o Instituto Brasileiro de <a href=\"https:\/\/www.agrolink.com.br\/culturas\/feijao\/?utm_source=agrolink-detalhe-noticia&amp;utm_medium=detalhe-noticia&amp;utm_campaign=links-internos\" target=\"_blank\" rel=\"noopener\">feij\u00e3o<\/a> e Pulses (Ibrafe), o <a href=\"https:\/\/www.agrolink.com.br\/culturas\/feijao\/?utm_source=agrolink-detalhe-noticia&amp;utm_medium=detalhe-noticia&amp;utm_campaign=links-internos\" target=\"_blank\" rel=\"noopener\">feij\u00e3o<\/a>-carioca tipo top (nota 9+) atingiu impressionantes R\\$ 239,62\/sc em Goi\u00e1s, enquanto o <a href=\"https:\/\/www.agrolink.com.br\/culturas\/feijao\/?utm_source=agrolink-detalhe-noticia&amp;utm_medium=detalhe-noticia&amp;utm_campaign=links-internos\" target=\"_blank\" rel=\"noopener\">feij\u00e3o<\/a>-preto Tipo 1 caiu para R\\$ 142,23\/sc em Curitiba, de acordo com dados do CEPEA. A instabilidade segue como protagonista, confundindo produtores e afastando compradores.&#13;\n<\/p>\n<p>No Centro\/Noroeste Goiano, o Feij\u00e3o-carioca nota 8\/8,5, considerado intermedi\u00e1rio, teve alta de +4,07% e est\u00e1 cotado a R\\$ 190,67\/sc. Mesmo com sinais pontuais de recupera\u00e7\u00e3o, o clima geral do mercado \u00e9 de apreens\u00e3o. Muitos se perguntam se devem estocar o produto \u00e0 espera de dias melhores ou vender agora e evitar preju\u00edzos maiores. O dilema segue sem resposta clara, enquanto os agentes de mercado observam atentos os pr\u00f3ximos movimentos.<\/p>\n<p>Para o Ibrafe, essa volatilidade j\u00e1 era esperada. A entidade refor\u00e7a que vem alertando os produtores h\u00e1 meses, especialmente aos que participam do Clube Premier, sobre os riscos e a imprevisibilidade dessa fase do mercado. A an\u00e1lise divulgada com bom humor reflete o sentimento de muitos: o espet\u00e1culo de pre\u00e7os parece ter descido ao fundo do po\u00e7o, e a plateia (os compradores) simplesmente sumiu.&#13;\n<\/p>\n<p>A expectativa para o per\u00edodo entre julho e setembro \u00e9 de continuidade na instabilidade, com possibilidade de ainda menos glamour e mais sustos. Diante disso, o recado do Ibrafe \u00e9 claro: compartilhe, discuta, troque experi\u00eancias \u2014 pois informa\u00e7\u00e3o e uni\u00e3o s\u00e3o as melhores ferramentas para enfrentar esse cen\u00e1rio desafiador.<br \/>&#13;<br \/>\n\u00a0<\/p>\n<\/p><\/div>\n<\/p><\/div>\n<p><script data-cfasync=\"false\">\n    !function (f, b, e, v, n, t, s) {\n        if (f.fbq) return; n = f.fbq = function () {\n            n.callMethod ?\n                n.callMethod.apply(n, arguments) : n.queue.push(arguments)\n        };\n        if (!f._fbq) f._fbq = n; n.push = n; n.loaded = !0; n.version = '2.0';\n        n.queue = []; t = b.createElement(e); t.async = !0;\n        t.src = v; s = b.getElementsByTagName(e)[0];\n        s.parentNode.insertBefore(t, s)\n    }(window, document, 'script',\n        'https:\/\/connect.facebook.net\/en_US\/fbevents.js');\n    fbq('init', '522546078623747');\n    fbq('track', 'PageView');\n<\/script><br \/>\n<br \/><br \/>\n<br \/><a href=\"https:\/\/www.agrolink.com.br\/noticias\/precos-do-feijao-oscilam-e-assustam-produtores_503416.html\">Source link <\/a><\/p>\n","protected":false},"excerpt":{"rendered":"<p>&#13; Para o Ibrafe, essa volatilidade j\u00e1 era esperada&#13; &#13; Agrolink&#13; &#13; &#8211; Leonardo Gottems&#13; &#13; Publicado em 30\/06\/2025 \u00e0s<\/p>\n","protected":false},"author":1,"featured_media":3865,"comment_status":"open","ping_status":"open","sticky":false,"template":"","format":"standard","meta":{"_monsterinsights_skip_tracking":false,"_monsterinsights_sitenote_active":false,"_monsterinsights_sitenote_note":"","_monsterinsights_sitenote_category":0,"_uf_show_specific_survey":0,"_uf_disable_surveys":false,"footnotes":""},"categories":[8,1,14],"tags":[],"class_list":["post-15931","post","type-post","status-publish","format-standard","has-post-thumbnail","hentry","category-agro","category-news","category-politica-agro"],"_links":{"self":[{"href":"https:\/\/agromt.news\/index.php?rest_route=\/wp\/v2\/posts\/15931"}],"collection":[{"href":"https:\/\/agromt.news\/index.php?rest_route=\/wp\/v2\/posts"}],"about":[{"href":"https:\/\/agromt.news\/index.php?rest_route=\/wp\/v2\/types\/post"}],"author":[{"embeddable":true,"href":"https:\/\/agromt.news\/index.php?rest_route=\/wp\/v2\/users\/1"}],"replies":[{"embeddable":true,"href":"https:\/\/agromt.news\/index.php?rest_route=%2Fwp%2Fv2%2Fcomments&post=15931"}],"version-history":[{"count":0,"href":"https:\/\/agromt.news\/index.php?rest_route=\/wp\/v2\/posts\/15931\/revisions"}],"wp:featuredmedia":[{"embeddable":true,"href":"https:\/\/agromt.news\/index.php?rest_route=\/wp\/v2\/media\/3865"}],"wp:attachment":[{"href":"https:\/\/agromt.news\/index.php?rest_route=%2Fwp%2Fv2%2Fmedia&parent=15931"}],"wp:term":[{"taxonomy":"category","embeddable":true,"href":"https:\/\/agromt.news\/index.php?rest_route=%2Fwp%2Fv2%2Fcategories&post=15931"},{"taxonomy":"post_tag","embeddable":true,"href":"https:\/\/agromt.news\/index.php?rest_route=%2Fwp%2Fv2%2Ftags&post=15931"}],"curies":[{"name":"wp","href":"https:\/\/api.w.org\/{rel}","templated":true}]}}