{"id":15930,"date":"2025-06-30T22:38:57","date_gmt":"2025-07-01T02:38:57","guid":{"rendered":"https:\/\/agromt.news\/?p=15930"},"modified":"2025-06-30T22:38:57","modified_gmt":"2025-07-01T02:38:57","slug":"trigo-entre-oliveiras-melhora-fertilizacao","status":"publish","type":"post","link":"https:\/\/agromt.news\/?p=15930","title":{"rendered":"Trigo entre oliveiras melhora fertiliza\u00e7\u00e3o"},"content":{"rendered":"<p> <br \/>\n<\/p>\n<div>\n<div class=\"row\">\n<div class=\"col-lg col-infos mt-0 mt-lg-0\">\n<div class=\"section-sub-title\">\n<p itemprop=\"description\">&#13;<br \/>\n                                Outro ponto de destaque \u00e9 o controle de plantas daninhas&#13;\n                            <\/p>\n<\/p><\/div>\n<div class=\"container\">\n<div class=\"row\">\n<div class=\"col-lg p-0\">\n<div>\n<div class=\"block-news-main-infos mt-3 text-start\">\n<p>                                            <strong class=\"fn\" itemprop=\"author\" style=\"color: rgb(112, 112, 112); \">&#13;<br \/>\n                                                <a href=\"https:\/\/www.agrolink.com.br\/noticias\/javascript:;\" class=\"text-uppercase\" target=\"_blank\" style=\"color: rgb(112, 112, 112); \" rel=\"noopener\">Agrolink<\/a>&#13;<br \/>\n&#13;<br \/>\n                                                    &#8211; Leonardo Gottems&#13;<br \/>\n&#13;<br \/>\n                                            <\/strong><br \/>\n                                        <\/p>\n<p>                                            <abbr><time datetime=\"2025-06-30T06:57\" itemprop=\"datePublished dateModified\">Publicado em 30\/06\/2025 \u00e0s 06:57h.<\/time><\/abbr><br \/>\n                                            <\/p><\/div>\n<\/p><\/div>\n<\/p><\/div>\n<div class=\"col-lg p-0 text-lg-end\">\n<div>\n<div id=\"mdEnviarPagina\" class=\"modal fade\" role=\"dialog\">\n<div class=\"modal-dialog\">\n<div class=\"modal-content\">\n<div class=\"modal-body\">\n<p><strong>Estimado usu\u00e1rio.<\/strong><br \/>Preencha o formul\u00e1rio abaixo para remeter a p\u00e1gina.<\/p>\n<\/p><\/div>\n<\/p><\/div>\n<\/p><\/div>\n<\/div><\/div>\n<\/p><\/div>\n<\/p><\/div>\n<\/p><\/div>\n<\/p><\/div>\n<\/p><\/div>\n<div class=\"row justify-content-md-center mt-3\">\n<div class=\"col-lg-auto col-image block-news-main-image\">\n<p>                                <img decoding=\"async\" src=\"https:\/\/www.agrolink.com.br\/upload\/imagens-resizes\/5a34350711fb4477bd9bc305b15398e7_858x483.jpg\" class=\"lazyload img-fluid\" alt=\"Outro ponto de destaque \u00e9 o controle de plantas daninhas\"\/><br \/>\n                                                <span class=\"d-block mt-1\">Outro ponto de destaque \u00e9 o controle de plantas daninhas &#8211; Foto: Canva<\/span><\/p><\/div>\n<\/p><\/div>\n<div class=\"section-description section-description-noticias mt-3\">\n<p>A pr\u00e1tica de cultivar <a href=\"https:\/\/www.agrolink.com.br\/culturas\/trigo\/?utm_source=agrolink-detalhe-noticia&amp;utm_medium=detalhe-noticia&amp;utm_campaign=links-internos\" target=\"_blank\" rel=\"noopener\">trigo<\/a> ou leguminosas entre as fileiras de oliveiras tem ganhado destaque como estrat\u00e9gia sustent\u00e1vel nas regi\u00f5es oliv\u00edcolas. Segundo Francisco Escribano Hinojosa, t\u00e9cnico de laborat\u00f3rio espanhol, essa t\u00e9cnica conhecida como agricultura intercalada ou agrosilvicultura oferece ganhos agron\u00f4micos, ecol\u00f3gicos e econ\u00f4micos relevantes.&#13;\n<\/p>\n<p>Um dos principais benef\u00edcios est\u00e1 na melhoria do solo. As leguminosas, como favas, lentilhas e veza, fixam nitrog\u00eanio atmosf\u00e9rico, aumentando a fertilidade de forma natural e reduzindo a depend\u00eancia de fertilizantes qu\u00edmicos. Al\u00e9m disso, tanto o trigo quanto as leguminosas contribuem para a estrutura do solo, elevam os n\u00edveis de mat\u00e9ria org\u00e2nica e ajudam no controle da eros\u00e3o, fator essencial em terrenos inclinados.<\/p>\n<p>Outro ponto de destaque \u00e9 o controle de plantas daninhas. O cultivo intercalado age como cobertura vegetal, dificultando o desenvolvimento de ervas espont\u00e2neas por competir com elas por luz, nutrientes e espa\u00e7o. Com isso, diminui-se a necessidade de herbicidas, tornando o manejo mais sustent\u00e1vel e menos agressivo ao meio ambiente.&#13;\n<\/p>\n<p>A biodiversidade tamb\u00e9m \u00e9 favorecida. A introdu\u00e7\u00e3o de diferentes culturas entre as oliveiras atrai polinizadores, predadores naturais de pragas e promove o equil\u00edbrio ecol\u00f3gico do sistema agr\u00edcola. E n\u00e3o menos importante, essa pr\u00e1tica pode gerar uma fonte extra de renda, j\u00e1 que trigo e leguminosas s\u00e3o colhidos sem prejudicar a produ\u00e7\u00e3o de azeitonas, ajudando a mitigar perdas em safras menos produtivas.<\/p>\n<p>\u201cA integra\u00e7\u00e3o de culturas como trigo ou leguminosas entre oliveiras \u00e9 uma escolha inteligente para quem procura uma agricultura mais sustent\u00e1vel, rent\u00e1vel e resiliente. Contribui n\u00e3o s\u00f3 para a sa\u00fade do solo e do ecossistema, mas tamb\u00e9m para a sustentabilidade econ\u00f3mica do olival a longo prazo\u201d, conclui.<br \/>&#13;<br \/>\n\u00a0&#13;\n<\/p>\n<\/p><\/div>\n<\/p><\/div>\n<p><script data-cfasync=\"false\">\n    !function (f, b, e, v, n, t, s) {\n        if (f.fbq) return; n = f.fbq = function () {\n            n.callMethod ?\n                n.callMethod.apply(n, arguments) : n.queue.push(arguments)\n        };\n        if (!f._fbq) f._fbq = n; n.push = n; n.loaded = !0; n.version = '2.0';\n        n.queue = []; t = b.createElement(e); t.async = !0;\n        t.src = v; s = b.getElementsByTagName(e)[0];\n        s.parentNode.insertBefore(t, s)\n    }(window, document, 'script',\n        'https:\/\/connect.facebook.net\/en_US\/fbevents.js');\n    fbq('init', '522546078623747');\n    fbq('track', 'PageView');\n<\/script><br \/>\n<br \/><br \/>\n<br \/><a href=\"https:\/\/www.agrolink.com.br\/noticias\/trigo-entre-oliveiras-melhora-fertilizacao_503417.html\">Source link <\/a><\/p>\n","protected":false},"excerpt":{"rendered":"<p>&#13; Outro ponto de destaque \u00e9 o controle de plantas daninhas&#13; &#13; Agrolink&#13; &#13; &#8211; Leonardo Gottems&#13; &#13; Publicado em<\/p>\n","protected":false},"author":1,"featured_media":2545,"comment_status":"open","ping_status":"open","sticky":false,"template":"","format":"standard","meta":{"_monsterinsights_skip_tracking":false,"_monsterinsights_sitenote_active":false,"_monsterinsights_sitenote_note":"","_monsterinsights_sitenote_category":0,"_uf_show_specific_survey":0,"_uf_disable_surveys":false,"footnotes":""},"categories":[8,1,14],"tags":[],"class_list":["post-15930","post","type-post","status-publish","format-standard","has-post-thumbnail","hentry","category-agro","category-news","category-politica-agro"],"_links":{"self":[{"href":"https:\/\/agromt.news\/index.php?rest_route=\/wp\/v2\/posts\/15930"}],"collection":[{"href":"https:\/\/agromt.news\/index.php?rest_route=\/wp\/v2\/posts"}],"about":[{"href":"https:\/\/agromt.news\/index.php?rest_route=\/wp\/v2\/types\/post"}],"author":[{"embeddable":true,"href":"https:\/\/agromt.news\/index.php?rest_route=\/wp\/v2\/users\/1"}],"replies":[{"embeddable":true,"href":"https:\/\/agromt.news\/index.php?rest_route=%2Fwp%2Fv2%2Fcomments&post=15930"}],"version-history":[{"count":0,"href":"https:\/\/agromt.news\/index.php?rest_route=\/wp\/v2\/posts\/15930\/revisions"}],"wp:featuredmedia":[{"embeddable":true,"href":"https:\/\/agromt.news\/index.php?rest_route=\/wp\/v2\/media\/2545"}],"wp:attachment":[{"href":"https:\/\/agromt.news\/index.php?rest_route=%2Fwp%2Fv2%2Fmedia&parent=15930"}],"wp:term":[{"taxonomy":"category","embeddable":true,"href":"https:\/\/agromt.news\/index.php?rest_route=%2Fwp%2Fv2%2Fcategories&post=15930"},{"taxonomy":"post_tag","embeddable":true,"href":"https:\/\/agromt.news\/index.php?rest_route=%2Fwp%2Fv2%2Ftags&post=15930"}],"curies":[{"name":"wp","href":"https:\/\/api.w.org\/{rel}","templated":true}]}}