{"id":15925,"date":"2025-06-30T20:43:19","date_gmt":"2025-07-01T00:43:19","guid":{"rendered":"https:\/\/agromt.news\/?p=15925"},"modified":"2025-06-30T20:43:19","modified_gmt":"2025-07-01T00:43:19","slug":"sementes-resistentes-potencializam-o-algodao","status":"publish","type":"post","link":"https:\/\/agromt.news\/?p=15925","title":{"rendered":"Sementes resistentes potencializam o algod\u00e3o"},"content":{"rendered":"<p> <br \/>\n<\/p>\n<div>\n<div class=\"row\">\n<div class=\"col-lg col-infos mt-0 mt-lg-0\">\n<div class=\"section-sub-title\">\n<p itemprop=\"description\">&#13;<br \/>\n                                A nova fase do algod\u00e3o em Catuti \u00e9 viabilizada por uma rede de colabora\u00e7\u00e3o&#13;\n                            <\/p>\n<\/p><\/div>\n<div class=\"container\">\n<div class=\"row\">\n<div class=\"col-lg p-0\">\n<div>\n<div class=\"block-news-main-infos mt-3 text-start\">\n<p>                                            <strong class=\"fn\" itemprop=\"author\" style=\"color: rgb(112, 112, 112); \">&#13;<br \/>\n                                                <a href=\"https:\/\/www.agrolink.com.br\/noticias\/javascript:;\" class=\"text-uppercase\" target=\"_blank\" style=\"color: rgb(112, 112, 112); \" rel=\"noopener\">Agrolink<\/a>&#13;<br \/>\n&#13;<br \/>\n                                                    &#8211; Leonardo Gottems&#13;<br \/>\n&#13;<br \/>\n                                            <\/strong><br \/>\n                                        <\/p>\n<p>                                            <abbr><time datetime=\"2025-06-30T07:01\" itemprop=\"datePublished dateModified\">Publicado em 30\/06\/2025 \u00e0s 07:01h.<\/time><\/abbr><br \/>\n                                            <\/p><\/div>\n<\/p><\/div>\n<\/p><\/div>\n<div class=\"col-lg p-0 text-lg-end\">\n<div>\n<div id=\"mdEnviarPagina\" class=\"modal fade\" role=\"dialog\">\n<div class=\"modal-dialog\">\n<div class=\"modal-content\">\n<div class=\"modal-body\">\n<p><strong>Estimado usu\u00e1rio.<\/strong><br \/>Preencha o formul\u00e1rio abaixo para remeter a p\u00e1gina.<\/p>\n<\/p><\/div>\n<\/p><\/div>\n<\/p><\/div>\n<\/div><\/div>\n<\/p><\/div>\n<\/p><\/div>\n<\/p><\/div>\n<\/p><\/div>\n<\/p><\/div>\n<div class=\"row justify-content-md-center mt-3\">\n<div class=\"col-lg-auto col-image block-news-main-image\">\n<p>                                <img decoding=\"async\" src=\"https:\/\/www.agrolink.com.br\/upload\/imagens-resizes\/75d98c84a11044c6a014417a913c8e3d_858x483.jpg\" class=\"lazyload img-fluid\" alt=\"A nova fase do algod\u00e3o em Catuti \u00e9 viabilizada por uma rede de colabora\u00e7\u00e3o\"\/><br \/>\n                                                <span class=\"d-block mt-1\">A nova fase do algod\u00e3o em Catuti \u00e9 viabilizada por uma rede de colabora\u00e7\u00e3o &#8211; Foto: Pixabay<\/span><\/p><\/div>\n<\/p><\/div>\n<div class=\"section-description section-description-noticias mt-3\">\n<p>O cultivo de <a href=\"https:\/\/www.agrolink.com.br\/culturas\/algodao\/\" target=\"_blank\" rel=\"noopener\">algod\u00e3o<\/a> est\u00e1 sendo retomado com for\u00e7a no Norte de Minas Gerais, especialmente na regi\u00e3o de Catuti, gra\u00e7as ao uso de sementes transg\u00eanicas, t\u00e9cnicas modernas de irriga\u00e7\u00e3o e biotecnologia. Segundo informa\u00e7\u00f5es divulgadas pela Santiago Cotton, esse renascimento da cotonicultura na regi\u00e3o \u00e9 resultado direto de parcerias estrat\u00e9gicas e investimentos em inova\u00e7\u00e3o agr\u00edcola.&#13;\n<\/p>\n<p>A produ\u00e7\u00e3o, que chegou a ocupar cerca de 130 mil hectares no passado, foi reduzida drasticamente ao longo dos anos, mas agora volta a ganhar espa\u00e7o: j\u00e1 s\u00e3o cerca de 300 hectares plantados, com proje\u00e7\u00f5es otimistas de expans\u00e3o. A produtividade tamb\u00e9m impressiona: produtores locais t\u00eam colhido at\u00e9 400 arrobas por hectare, acima da m\u00e9dia estadual de 333 arrobas\/ha, impulsionados por sementes resistentes a pragas e tecnologias de manejo de alta efici\u00eancia.<span style=\"display:none\">\u00a0<\/span><\/p>\n<p>A nova fase do algod\u00e3o em Catuti \u00e9 viabilizada por uma rede de colabora\u00e7\u00e3o entre a Coopercat, Bayer, Amipa, Governo de Minas Gerais e AgFeed. Al\u00e9m do apoio t\u00e9cnico, esses parceiros contribu\u00edram para a instala\u00e7\u00e3o de uma usina de beneficiamento na regi\u00e3o, que j\u00e1 est\u00e1 em fase de testes. Com capacidade de processar quatro fardos de 200 kg por hora, a estrutura poder\u00e1 atender at\u00e9 800 hectares de lavouras, dando suporte ao crescimento sustent\u00e1vel da cadeia produtiva.<span style=\"display:none\">\u00a0<\/span>&#13;\n<\/p>\n<p>Esse avan\u00e7o representa mais que n\u00fameros: sinaliza a revitaliza\u00e7\u00e3o econ\u00f4mica de uma regi\u00e3o marcada pela escassez de recursos h\u00eddricos, que agora encontra na biotecnologia e na irriga\u00e7\u00e3o uma nova esperan\u00e7a de renda, desenvolvimento e perman\u00eancia das fam\u00edlias no campo.<\/p>\n<p><span style=\"display:none\">\u00a0<\/span>\u00a0<\/p>\n<\/p><\/div>\n<\/p><\/div>\n<p><script data-cfasync=\"false\">\n    !function (f, b, e, v, n, t, s) {\n        if (f.fbq) return; n = f.fbq = function () {\n            n.callMethod ?\n                n.callMethod.apply(n, arguments) : n.queue.push(arguments)\n        };\n        if (!f._fbq) f._fbq = n; n.push = n; n.loaded = !0; n.version = '2.0';\n        n.queue = []; t = b.createElement(e); t.async = !0;\n        t.src = v; s = b.getElementsByTagName(e)[0];\n        s.parentNode.insertBefore(t, s)\n    }(window, document, 'script',\n        'https:\/\/connect.facebook.net\/en_US\/fbevents.js');\n    fbq('init', '522546078623747');\n    fbq('track', 'PageView');\n<\/script><br \/>\n<br \/><br \/>\n<br \/><a href=\"https:\/\/www.agrolink.com.br\/noticias\/sementes-resistentes-potencializam-o-algodao_503418.html\">Source link <\/a><\/p>\n","protected":false},"excerpt":{"rendered":"<p>&#13; A nova fase do algod\u00e3o em Catuti \u00e9 viabilizada por uma rede de colabora\u00e7\u00e3o&#13; &#13; Agrolink&#13; &#13; &#8211; Leonardo<\/p>\n","protected":false},"author":1,"featured_media":1452,"comment_status":"open","ping_status":"open","sticky":false,"template":"","format":"standard","meta":{"_monsterinsights_skip_tracking":false,"_monsterinsights_sitenote_active":false,"_monsterinsights_sitenote_note":"","_monsterinsights_sitenote_category":0,"_uf_show_specific_survey":0,"_uf_disable_surveys":false,"footnotes":""},"categories":[8,1,14],"tags":[],"class_list":["post-15925","post","type-post","status-publish","format-standard","has-post-thumbnail","hentry","category-agro","category-news","category-politica-agro"],"_links":{"self":[{"href":"https:\/\/agromt.news\/index.php?rest_route=\/wp\/v2\/posts\/15925"}],"collection":[{"href":"https:\/\/agromt.news\/index.php?rest_route=\/wp\/v2\/posts"}],"about":[{"href":"https:\/\/agromt.news\/index.php?rest_route=\/wp\/v2\/types\/post"}],"author":[{"embeddable":true,"href":"https:\/\/agromt.news\/index.php?rest_route=\/wp\/v2\/users\/1"}],"replies":[{"embeddable":true,"href":"https:\/\/agromt.news\/index.php?rest_route=%2Fwp%2Fv2%2Fcomments&post=15925"}],"version-history":[{"count":0,"href":"https:\/\/agromt.news\/index.php?rest_route=\/wp\/v2\/posts\/15925\/revisions"}],"wp:featuredmedia":[{"embeddable":true,"href":"https:\/\/agromt.news\/index.php?rest_route=\/wp\/v2\/media\/1452"}],"wp:attachment":[{"href":"https:\/\/agromt.news\/index.php?rest_route=%2Fwp%2Fv2%2Fmedia&parent=15925"}],"wp:term":[{"taxonomy":"category","embeddable":true,"href":"https:\/\/agromt.news\/index.php?rest_route=%2Fwp%2Fv2%2Fcategories&post=15925"},{"taxonomy":"post_tag","embeddable":true,"href":"https:\/\/agromt.news\/index.php?rest_route=%2Fwp%2Fv2%2Ftags&post=15925"}],"curies":[{"name":"wp","href":"https:\/\/api.w.org\/{rel}","templated":true}]}}