{"id":15924,"date":"2025-06-30T20:38:20","date_gmt":"2025-07-01T00:38:20","guid":{"rendered":"https:\/\/agromt.news\/?p=15924"},"modified":"2025-06-30T20:38:20","modified_gmt":"2025-07-01T00:38:20","slug":"frio-extremo-e-chuvas-intensas-marcam-semana-no-brasil-preve-inmet","status":"publish","type":"post","link":"https:\/\/agromt.news\/?p=15924","title":{"rendered":"Frio extremo e chuvas intensas marcam semana no Brasil, prev\u00ea Inmet"},"content":{"rendered":"<p> <br \/>\n<\/p>\n<div>\n<p>O Instituto Nacional de Meteorologia <strong><a href=\"http:\/\/www.canalrural.com.br\/tag\/inmet\/\">(Inmet)<\/a><\/strong> prev\u00ea chuvas volumosas e varia\u00e7\u00e3o de temperatura em diferentes regi\u00f5es do Brasil nesta semana, entre os dias 30 de junho e 7 de julho.<\/p>\n<p>As chuvas mais intensas devem atingir a regi\u00e3o Norte e o leste do Sudeste e Nordeste, podendo ultrapassar 50 mm. A previs\u00e3o \u00e9 de tempo aberto no interior do<br \/>Nordeste, no Centro-Oeste e no oeste das regi\u00f5es Sudeste e Sul.<\/p>\n<p>Na <strong>regi\u00e3o Norte<\/strong>, \u00e1reas de instabilidade se concentram no centro-norte do Amazonas, Roraima, Amap\u00e1 e norte do Par\u00e1, com acumulados que podem superar os 50 mil\u00edmetros. J\u00e1 no leste do Acre, Rond\u00f4nia, sul do Amazonas e do Par\u00e1, al\u00e9m do Tocantins, n\u00e3o h\u00e1 previs\u00e3o de chuvas, mantendo o tempo seco ao longo da semana.<\/p>\n<p>Para o <strong>Nordeste<\/strong>, a previs\u00e3o indica tempo aberto no interior, com redu\u00e7\u00e3o da umidade relativa do ar, principalmente no sul do Piau\u00ed, sul do Maranh\u00e3o e oeste da Bahia. No litoral nordestino, s\u00e3o esperadas chuvas acima de 20 mm, com destaque para o leste da Bahia, Sergipe, Alagoas e extremo noroeste do Maranh\u00e3o.<\/p>\n<p>No <strong>Sudeste<\/strong>, chuvas entre 30 e 50 mm devem atingir \u00e1reas do leste de S\u00e3o Paulo, Rio de Janeiro e Esp\u00edrito Santo. Nas demais regi\u00f5es, como centro-oeste de Minas Gerais, o tempo permanece aberto, com redu\u00e7\u00e3o da umidade relativa do ar.<\/p>\n<p>A previs\u00e3o para o <strong>Centro-Oeste<\/strong> \u00e9 de tempo firme na maior parte da regi\u00e3o, com baixa umidade principalmente no nordeste de Mato Grosso, Goi\u00e1s e Distrito Federal.<\/p>\n<\/div>\n<div>\n<p>Na regi\u00e3o <strong>Sul<\/strong>, as chuvas mais significativas est\u00e3o previstas apenas para o leste do Paran\u00e1, mas com volumes inferiores a 20 mm. Em Santa Catarina e Rio Grande do Sul, o tempo deve permanecer aberto durante toda a semana.<\/p>\n<h3 class=\"wp-block-heading\" id=\"h-temperaturas-terao-grande-variacao-no-pais\">Temperaturas ter\u00e3o grande varia\u00e7\u00e3o no pa\u00eds<\/h3>\n<p>As temperaturas m\u00e1ximas devem ser elevadas no sul da regi\u00e3o Norte e no norte das regi\u00f5es Centro-Oeste e Nordeste, especialmente na quinta-feira (3), quando os term\u00f4metros podem passar de 30 \u00b0C no sudeste do Amazonas, centro-sul do Par\u00e1, norte de Mato Grosso, Tocantins, Maranh\u00e3o e Piau\u00ed.<\/p>\n<p>No leste do Nordeste e em partes do Sudeste e Centro-Oeste, as m\u00e1ximas n\u00e3o devem ultrapassar 28 \u00b0C. J\u00e1 no Rio Grande do Sul, Santa Catarina, leste do Paran\u00e1 e S\u00e3o Paulo, al\u00e9m do sul de Minas Gerais, s\u00e3o previstas m\u00e1ximas abaixo de 18 \u00b0C.<\/p>\n<p>As m\u00ednimas devem se manter acima de 24 \u00b0C na regi\u00e3o Norte e norte do Nordeste. No centro-sul do Brasil, as temperaturas m\u00ednimas ficam abaixo de 18 \u00b0C, com destaque para o per\u00edodo entre 30 de junho e 3 de julho, quando a atua\u00e7\u00e3o de uma massa de ar frio provocar\u00e1 temperaturas abaixo de 6 \u00b0C no sul do Paran\u00e1, Santa Catarina e Rio Grande do Sul, com possibilidade de geadas em \u00e1reas de maior altitude.<\/p>\n<p>Esse sistema de ar frio deve avan\u00e7ar ao longo da semana, <strong>derrubando as temperaturas no Acre, sul de Rond\u00f4nia, oeste e sul de Mato Grosso e Mato Grosso do Sul.<\/strong> A partir do s\u00e1bado (5), s\u00e3o previstas <strong>temperaturas abaixo de 10 \u00b0C <\/strong>no sul de Minas Gerais e em S\u00e3o Paulo.<\/p>\n<figure class=\"wp-block-image size-full\"><img fetchpriority=\"high\" decoding=\"async\" width=\"356\" height=\"413\" src=\"https:\/\/agromt.news\/wp-content\/uploads\/2025\/06\/Frio-extremo-e-chuvas-intensas-marcam-semana-no-Brasil-preve.png\" alt=\"\" class=\"wp-image-4107177\"  \/><figcaption class=\"wp-element-caption\"><em>Previs\u00e3o de temperaturas m\u00ednimas para o dia 5 de julho, \u00e0s 6h (hor\u00e1rio de Bras\u00edlia). Fonte: Inmet<\/em><\/figcaption><\/figure>\n<p>O Inmet recomenda aten\u00e7\u00e3o \u00e0s atualiza\u00e7\u00f5es di\u00e1rias da previs\u00e3o do tempo e aos avisos meteorol\u00f3gicos especiais, dispon\u00edveis no site oficial e redes sociais do instituto.<\/p>\n<hr class=\"wp-block-separator has-alpha-channel-opacity\"\/>\n<div data-icp-cta=\"1\" id=\"icp-cta-unique\">Voc\u00ea quer entender como usar o clima a seu favor?<b> <\/b><a href=\"https:\/\/climacampo.canalrural.com.br\/climacampo_-01\">Preparamos um e-book exclusivo<\/a> para ajudar produtores rurais a se antecipar \u00e0s mudan\u00e7as do tempo e planejar melhor suas a\u00e7\u00f5es. Com base em previs\u00f5es meteorol\u00f3gicas confi\u00e1veis, ele oferece orienta\u00e7\u00f5es pr\u00e1ticas para proteger sua lavoura e otimizar seus resultados.<\/div>\n<\/div>\n<p><br \/>\n<br \/><a href=\"https:\/\/www.canalrural.com.br\/tempo\/frio-extremo-e-chuvas-intensas-marcam-semana-no-brasil-preve-inmet\/\">Source link <\/a><\/p>\n","protected":false},"excerpt":{"rendered":"<p>O Instituto Nacional de Meteorologia (Inmet) prev\u00ea chuvas volumosas e varia\u00e7\u00e3o de temperatura em diferentes regi\u00f5es do Brasil nesta semana,<\/p>\n","protected":false},"author":1,"featured_media":11620,"comment_status":"open","ping_status":"open","sticky":false,"template":"","format":"standard","meta":{"_monsterinsights_skip_tracking":false,"_monsterinsights_sitenote_active":false,"_monsterinsights_sitenote_note":"","_monsterinsights_sitenote_category":0,"_uf_show_specific_survey":0,"_uf_disable_surveys":false,"footnotes":""},"categories":[1],"tags":[],"class_list":["post-15924","post","type-post","status-publish","format-standard","has-post-thumbnail","hentry","category-news"],"_links":{"self":[{"href":"https:\/\/agromt.news\/index.php?rest_route=\/wp\/v2\/posts\/15924"}],"collection":[{"href":"https:\/\/agromt.news\/index.php?rest_route=\/wp\/v2\/posts"}],"about":[{"href":"https:\/\/agromt.news\/index.php?rest_route=\/wp\/v2\/types\/post"}],"author":[{"embeddable":true,"href":"https:\/\/agromt.news\/index.php?rest_route=\/wp\/v2\/users\/1"}],"replies":[{"embeddable":true,"href":"https:\/\/agromt.news\/index.php?rest_route=%2Fwp%2Fv2%2Fcomments&post=15924"}],"version-history":[{"count":0,"href":"https:\/\/agromt.news\/index.php?rest_route=\/wp\/v2\/posts\/15924\/revisions"}],"wp:featuredmedia":[{"embeddable":true,"href":"https:\/\/agromt.news\/index.php?rest_route=\/wp\/v2\/media\/11620"}],"wp:attachment":[{"href":"https:\/\/agromt.news\/index.php?rest_route=%2Fwp%2Fv2%2Fmedia&parent=15924"}],"wp:term":[{"taxonomy":"category","embeddable":true,"href":"https:\/\/agromt.news\/index.php?rest_route=%2Fwp%2Fv2%2Fcategories&post=15924"},{"taxonomy":"post_tag","embeddable":true,"href":"https:\/\/agromt.news\/index.php?rest_route=%2Fwp%2Fv2%2Ftags&post=15924"}],"curies":[{"name":"wp","href":"https:\/\/api.w.org\/{rel}","templated":true}]}}