{"id":15923,"date":"2025-06-30T20:20:58","date_gmt":"2025-07-01T00:20:58","guid":{"rendered":"https:\/\/agromt.news\/?p=15923"},"modified":"2025-06-30T20:20:58","modified_gmt":"2025-07-01T00:20:58","slug":"decepcao-e-credito-mais-caro","status":"publish","type":"post","link":"https:\/\/agromt.news\/?p=15923","title":{"rendered":"decep\u00e7\u00e3o e cr\u00e9dito mais caro"},"content":{"rendered":"<p> <br \/>\n<\/p>\n<div>\n<p>O governo federal deve anunciar nesta ter\u00e7a-feira (1), com transmiss\u00e3o ao vivo pelo <strong><a href=\"https:\/\/www.youtube.com\/watch?v=uKStlJ0v1OQ\">Canal Rual a partir das 11 horas<\/a><\/strong>, o Plano Safra da Agricultura Empresarial 2025\/26, que contar\u00e1 com R$ 515 bilh\u00f5es em financiamentos para m\u00e9dios e grandes produtores rurais. <\/p>\n<p>Embora o n\u00famero impressione, o crescimento em rela\u00e7\u00e3o ao ciclo anterior \u00e9 de apenas 1,5%, o que representa uma queda real, j\u00e1 que a infla\u00e7\u00e3o acumulada dos \u00faltimos 12 meses supera os 5%.<\/p>\n<p>A grande novidade \u2014 e tamb\u00e9m alerta \u2014 \u00e9 o avan\u00e7o das C\u00e9dulas de Produto Rural (CPRs) lastreadas em Letras de Cr\u00e9dito do Agroneg\u00f3cio (LCAs). Estima-se que at\u00e9 R$ 212 bilh\u00f5es do total vir\u00e3o dessa fonte, ou seja, menos recursos com juros subsidiados e mais depend\u00eancia do mercado financeiro.<\/p>\n<p>Na pr\u00e1tica, o cr\u00e9dito rural com taxas controladas e apoio do Tesouro est\u00e1 encolhendo. Em 2024\/25, esse montante foi de R$ 400,5 bilh\u00f5es, enquanto nesta nova safra a participa\u00e7\u00e3o das linhas tradicionais ser\u00e1 menor, compensada pela expans\u00e3o das CPRs.<\/p>\n<p>Al\u00e9m disso, os juros mais altos tornam o cen\u00e1rio ainda mais desafiador. O Banco Central manteve a <strong><a href=\"https:\/\/www.canalrural.com.br\/economia\/copom-eleva-juros-basicos-da-economia-para-15-ao-ano\/\">Selic<\/a><\/strong> elevada ao longo do ano, pressionando o custo do cr\u00e9dito no campo. Muitos financiamentos com taxas livres chegam a ultrapassar 13% ao ano, inviabilizando investimentos em um momento de margens apertadas e aumento dos custos de produ\u00e7\u00e3o.<\/p>\n<\/div>\n<div>\n<p>O governo promete melhorar a transpar\u00eancia na divulga\u00e7\u00e3o da origem dos recursos \u2014 uma cr\u00edtica constante do setor produtivo \u2014 detalhando o que \u00e9 efetivamente dinheiro p\u00fablico, o que \u00e9 exig\u00eancia legal e o que \u00e9 capital pr\u00f3prio dos bancos com juros livres. A medida busca reverter a percep\u00e7\u00e3o de que os planos anteriores inflaram n\u00fameros com pouca efetividade no campo.<\/p>\n<p>Outro ponto sens\u00edvel \u00e9 que, a partir de 2026, o governo pretende taxar em 5% os rendimentos das LCAs, hoje isentos de Imposto de Renda. Isso pode tornar os t\u00edtulos menos atraentes para investidores e encarecer ainda mais o cr\u00e9dito rural no futuro, elevando os riscos financeiros para quem produz.<\/p>\n<p>O crescimento simb\u00f3lico do volume anunciado e a redu\u00e7\u00e3o dos recursos subsidiados mostram que o governo est\u00e1 transferindo para o mercado financeiro a responsabilidade de sustentar a produ\u00e7\u00e3o rural. Em um pa\u00eds com desigualdades regionais, riscos clim\u00e1ticos e uma taxa de juros elevada, essa mudan\u00e7a pode acentuar o endividamento e a exclus\u00e3o produtiva dos agricultores que mais precisam de apoio. <\/p>\n<p>Assim, o Plano Safra, que deveria ser ferramenta estrat\u00e9gica de desenvolvimento, vem se tornando apenas uma conta cont\u00e1bil empurrada para o mercado.<\/p>\n<div class=\"wp-block-media-text is-stacked-on-mobile\">\n<figure class=\"wp-block-media-text__media\"><img fetchpriority=\"high\" decoding=\"async\" width=\"683\" height=\"1024\" src=\"https:\/\/agromt.news\/wp-content\/uploads\/2025\/04\/Como-guerras-e-crises-moldaram-o-preco-das-commodities-nos.jpg\" alt=\"Miguel Daoud\" class=\"wp-image-4095706 size-full\"  \/><\/figure>\n<div class=\"wp-block-media-text__content\">\n<p class=\"has-text-align-center\">*<em><strong>Miguel Daoud<\/strong>\u00a0\u00e9 comentarista de Economia e Pol\u00edtica\u00a0do Canal Rural<\/em><\/p>\n<\/div>\n<\/div>\n<hr class=\"wp-block-separator has-alpha-channel-opacity\"\/>\n<p><em>O\u00a0<strong>Canal Rural<\/strong>\u00a0n\u00e3o se responsabiliza pelas opini\u00f5es e conceitos emitidos nos textos desta sess\u00e3o, sendo os conte\u00fados de inteira responsabilidade de seus autores. A empresa se reserva o direito de fazer ajustes no texto para adequa\u00e7\u00e3o \u00e0s normas de publica\u00e7\u00e3o.<\/em><\/p>\n<\/p><\/div>\n<p><br \/>\n<br \/><a href=\"https:\/\/www.canalrural.com.br\/opiniao-noticias\/plano-safra-da-agricultura-empresarial-sera-de-r-515-bi-decepcao-e-credito-mais-caro\/\">Source link <\/a><\/p>\n","protected":false},"excerpt":{"rendered":"<p>O governo federal deve anunciar nesta ter\u00e7a-feira (1), com transmiss\u00e3o ao vivo pelo Canal Rual a partir das 11 horas,<\/p>\n","protected":false},"author":1,"featured_media":14816,"comment_status":"open","ping_status":"open","sticky":false,"template":"","format":"standard","meta":{"_monsterinsights_skip_tracking":false,"_monsterinsights_sitenote_active":false,"_monsterinsights_sitenote_note":"","_monsterinsights_sitenote_category":0,"_uf_show_specific_survey":0,"_uf_disable_surveys":false,"footnotes":""},"categories":[1],"tags":[],"class_list":["post-15923","post","type-post","status-publish","format-standard","has-post-thumbnail","hentry","category-news"],"_links":{"self":[{"href":"https:\/\/agromt.news\/index.php?rest_route=\/wp\/v2\/posts\/15923"}],"collection":[{"href":"https:\/\/agromt.news\/index.php?rest_route=\/wp\/v2\/posts"}],"about":[{"href":"https:\/\/agromt.news\/index.php?rest_route=\/wp\/v2\/types\/post"}],"author":[{"embeddable":true,"href":"https:\/\/agromt.news\/index.php?rest_route=\/wp\/v2\/users\/1"}],"replies":[{"embeddable":true,"href":"https:\/\/agromt.news\/index.php?rest_route=%2Fwp%2Fv2%2Fcomments&post=15923"}],"version-history":[{"count":0,"href":"https:\/\/agromt.news\/index.php?rest_route=\/wp\/v2\/posts\/15923\/revisions"}],"wp:featuredmedia":[{"embeddable":true,"href":"https:\/\/agromt.news\/index.php?rest_route=\/wp\/v2\/media\/14816"}],"wp:attachment":[{"href":"https:\/\/agromt.news\/index.php?rest_route=%2Fwp%2Fv2%2Fmedia&parent=15923"}],"wp:term":[{"taxonomy":"category","embeddable":true,"href":"https:\/\/agromt.news\/index.php?rest_route=%2Fwp%2Fv2%2Fcategories&post=15923"},{"taxonomy":"post_tag","embeddable":true,"href":"https:\/\/agromt.news\/index.php?rest_route=%2Fwp%2Fv2%2Ftags&post=15923"}],"curies":[{"name":"wp","href":"https:\/\/api.w.org\/{rel}","templated":true}]}}