{"id":15920,"date":"2025-06-30T19:51:49","date_gmt":"2025-06-30T23:51:49","guid":{"rendered":"https:\/\/agromt.news\/?p=15920"},"modified":"2025-06-30T19:51:49","modified_gmt":"2025-06-30T23:51:49","slug":"setor-ve-avancos-mas-cobra-menos-burocracia-no-credito","status":"publish","type":"post","link":"https:\/\/agromt.news\/?p=15920","title":{"rendered":"setor v\u00ea avan\u00e7os, mas cobra menos burocracia no cr\u00e9dito"},"content":{"rendered":"<p> <br \/>\n<br \/><img decoding=\"async\" src=\"https:\/\/agromt.news\/wp-content\/uploads\/2025\/03\/Nova-alta-da-Selic-pode-desacelerar-economia-e-o-agronegocio.jpg\" \/><\/p>\n<div>\n<p>O governo federal anunciou nesta segunda-feira (30) o <strong><a href=\"https:\/\/www.canalrural.com.br\/agricultura\/plano-safra-25-26-da-agricultura-familiar-totaliza-r-89-bilhoes\/\">Plano Safra 2025\/26 da Agricultura Familiar,<\/a><\/strong> com R$ 89 bilh\u00f5es destinados ao setor. Do total, R$ 78,2 bilh\u00f5es ser\u00e3o alocados ao Programa Nacional de Fortalecimento da Agricultura Familiar (Pronaf), um aumento de 3% em rela\u00e7\u00e3o \u00e0 safra passada. O pacote inclui ainda recursos para seguro agr\u00edcola, assist\u00eancia t\u00e9cnica, compras p\u00fablicas e garantia de pre\u00e7o m\u00ednimo.<\/p>\n<p><iframe title=\"Plano Safra 25\/26: Abimaq e Contag avaliam an\u00fancios de forma positiva\" width=\"800\" height=\"450\" src=\"https:\/\/www.youtube.com\/embed\/lstKsTqoQNo?feature=oembed\" frameborder=\"0\" allow=\"accelerometer; autoplay; clipboard-write; encrypted-media; gyroscope; picture-in-picture; web-share\" referrerpolicy=\"strict-origin-when-cross-origin\" allowfullscreen><\/iframe><noscript><iframe title=\"Plano Safra 25\/26: Abimaq e Contag avaliam an\u00fancios de forma positiva\" width=\"800\" height=\"450\" src=\"https:\/\/www.youtube.com\/embed\/lstKsTqoQNo?feature=oembed\" frameborder=\"0\" allow=\"accelerometer; autoplay; clipboard-write; encrypted-media; gyroscope; picture-in-picture; web-share\" referrerpolicy=\"strict-origin-when-cross-origin\" allowfullscreen><\/iframe><\/noscript><\/p>\n<p>As rea\u00e7\u00f5es de lideran\u00e7as do agro familiar foram de reconhecimento ao esfor\u00e7o do governo, mas tamb\u00e9m de cautela quanto \u00e0 execu\u00e7\u00e3o pr\u00e1tica. Jo\u00e3o Prieto, coordenador do Ramo Agropecu\u00e1rio da Organiza\u00e7\u00e3o das Cooperativas Brasileiras <strong><a href=\"http:\/\/www.canalrural.com.br\/tag\/ocb\/\">(OCB)<\/a><\/strong>, destacou que a entidade havia solicitado cerca de R$ 90 bilh\u00f5es. \u201cH\u00e1 um esfor\u00e7o da equipe econ\u00f4mica e do MDA para ampliar os recursos. Mas \u00e9 preciso analisar quanto desse valor estar\u00e1 destinado a linhas equalizadas ou controladas e qual ser\u00e1 o custo final para a agricultura familiar\u201d, disse.<\/p>\n<p>Para V\u00e2nia Marques Pinto, presidente da Confedera\u00e7\u00e3o Nacional dos Trabalhadores Rurais Agricultores e Agricultoras Familiares <strong><a href=\"http:\/\/www.canalrural.com.br\/tag\/contag\/\">(Contag)<\/a><\/strong>, houve avan\u00e7os importantes no Pronaf e nas taxas de juros, principalmente para agroecologia e org\u00e2nicos. \u201cMesmo com a Selic em 15%, houve redu\u00e7\u00e3o para 2% nesses casos, o que \u00e9 muito satisfat\u00f3rio. O valor anunciado \u00e9 significativo e viabiliza a safra, mas sempre precisamos de mais recursos para ampliar a produ\u00e7\u00e3o\u201d, afirmou. <\/p>\n<p>Ela tamb\u00e9m apontou desafios como a burocracia para acesso ao cr\u00e9dito, a necessidade de mais assist\u00eancia t\u00e9cnica e de maior or\u00e7amento para programas de compras p\u00fablicas, como PAA e PNAE. \u201cSem isso, o produtor pode at\u00e9 produzir, mas n\u00e3o tem para quem vender\u201d, ressaltou.<\/p>\n<p><iframe title=\"Plano Safra 25\/26: juros da agricultura familiar variam conforme finalidade\" width=\"800\" height=\"450\" src=\"https:\/\/www.youtube.com\/embed\/QMNWWNTx778?feature=oembed\" frameborder=\"0\" allow=\"accelerometer; autoplay; clipboard-write; encrypted-media; gyroscope; picture-in-picture; web-share\" referrerpolicy=\"strict-origin-when-cross-origin\" allowfullscreen><\/iframe><noscript><iframe title=\"Plano Safra 25\/26: juros da agricultura familiar variam conforme finalidade\" width=\"800\" height=\"450\" src=\"https:\/\/www.youtube.com\/embed\/QMNWWNTx778?feature=oembed\" frameborder=\"0\" allow=\"accelerometer; autoplay; clipboard-write; encrypted-media; gyroscope; picture-in-picture; web-share\" referrerpolicy=\"strict-origin-when-cross-origin\" allowfullscreen><\/iframe><\/noscript><\/p>\n<p>A Campanha Permanente contra os Agrot\u00f3xicos e pela Vida comemorou a cria\u00e7\u00e3o do Programa Nacional de Redu\u00e7\u00e3o de Agrot\u00f3xicos (Pronara), considerado um avan\u00e7o para a transi\u00e7\u00e3o agroecol\u00f3gica no Brasil. \u201c\u00c9 um sinal positivo para o mundo, principalmente com a <strong><a href=\"https:\/\/www.canalrural.com.br\/cop30\/\">COP30<\/a><\/strong> se aproximando. Mostra que o Brasil quer enfrentar a crise clim\u00e1tica e a depend\u00eancia de agrot\u00f3xicos, investindo na sa\u00fade, no meio ambiente e na agricultura familiar\u201d, avaliou Jakeline Pivato, secret\u00e1ria-executiva da campanha.<\/p>\n<\/div>\n<div>\n<p>Para o setor de m\u00e1quinas agr\u00edcolas, o Plano Safra tamb\u00e9m trouxe medidas positivas. Pedro Estev\u00e3o, presidente da C\u00e2mara Setorial de M\u00e1quinas e Implementos Agr\u00edcolas da Associa\u00e7\u00e3o Brasileira da Ind\u00fastria de M\u00e1quinas e Equipamentos<strong><a href=\"http:\/\/www.canalrural.com.br\/tag\/abimaq\/\"> (Abimaq)<\/a><\/strong>, destacou a manuten\u00e7\u00e3o de juros baixos para aquisi\u00e7\u00e3o de equipamentos. <\/p>\n<blockquote class=\"wp-block-quote is-layout-flow wp-block-quote-is-layout-flow\">\n<p>\u201cO juro de 5% para m\u00e1quinas maiores e de 2,5% para investimentos de at\u00e9 R$ 100 mil \u00e9 muito atrativo, principalmente em um cen\u00e1rio de Selic alta. Al\u00e9m disso, o limite para investimento subiu de R$ 50 mil para R$ 100 mil, ampliando a base de agricultores que podem financiar a mecaniza\u00e7\u00e3o\u201d \u2013 Pedro Estev\u00e3o, da Abimaq<\/p>\n<\/blockquote>\n<p>No Paran\u00e1, Alexandre Leal dos Santos, presidente da Federa\u00e7\u00e3o dos Trabalhadores Rurais Agricultores Familiares do Estado do Paran\u00e1 <strong><a href=\"http:\/\/www.canalrural.com.br\/tag\/fetaep\/\">(Fetaep)<\/a><\/strong>, avaliou o an\u00fancio como positivo, especialmente pela redu\u00e7\u00e3o de juros para m\u00e1quinas e produtos da cesta b\u00e1sica. No entanto, ele refor\u00e7ou a import\u00e2ncia de garantir a libera\u00e7\u00e3o dos recursos ao longo de toda a safra. \u201cN\u00e3o adianta ter juros bons e condi\u00e7\u00f5es favor\u00e1veis se o dinheiro acaba antes do fim do ciclo. Vamos continuar cobrando o governo para assegurar recursos suficientes\u201d, disse.<\/p>\n<p>Entre as novidades do Plano Safra est\u00e3o linhas de cr\u00e9dito para adapta\u00e7\u00e3o \u00e0s mudan\u00e7as clim\u00e1ticas, microcr\u00e9dito para quintais produtivos de mulheres rurais, investimentos em conectividade no campo e amplia\u00e7\u00e3o dos limites para habita\u00e7\u00e3o e regulariza\u00e7\u00e3o fundi\u00e1ria. Em 2025, o Pronaf completa 30 anos, tendo destinado quase R$ 780 bilh\u00f5es em investimentos em mais de 42 milh\u00f5es de contratos desde sua cria\u00e7\u00e3o.<\/p>\n<hr class=\"wp-block-separator has-alpha-channel-opacity\"\/>\n\t<\/div>\n<p><br \/>\n<br \/><a href=\"https:\/\/www.canalrural.com.br\/agricultura\/plano-safra-da-agricultura-familiar-setor-ve-avancos-mas-cobra-menos-burocracia-no-credito\/\">Source link <\/a><\/p>\n","protected":false},"excerpt":{"rendered":"<p>O governo federal anunciou nesta segunda-feira (30) o Plano Safra 2025\/26 da Agricultura Familiar, com R$ 89 bilh\u00f5es destinados ao<\/p>\n","protected":false},"author":1,"featured_media":11386,"comment_status":"open","ping_status":"open","sticky":false,"template":"","format":"standard","meta":{"_monsterinsights_skip_tracking":false,"_monsterinsights_sitenote_active":false,"_monsterinsights_sitenote_note":"","_monsterinsights_sitenote_category":0,"_uf_show_specific_survey":0,"_uf_disable_surveys":false,"footnotes":""},"categories":[1],"tags":[],"class_list":["post-15920","post","type-post","status-publish","format-standard","has-post-thumbnail","hentry","category-news"],"_links":{"self":[{"href":"https:\/\/agromt.news\/index.php?rest_route=\/wp\/v2\/posts\/15920"}],"collection":[{"href":"https:\/\/agromt.news\/index.php?rest_route=\/wp\/v2\/posts"}],"about":[{"href":"https:\/\/agromt.news\/index.php?rest_route=\/wp\/v2\/types\/post"}],"author":[{"embeddable":true,"href":"https:\/\/agromt.news\/index.php?rest_route=\/wp\/v2\/users\/1"}],"replies":[{"embeddable":true,"href":"https:\/\/agromt.news\/index.php?rest_route=%2Fwp%2Fv2%2Fcomments&post=15920"}],"version-history":[{"count":0,"href":"https:\/\/agromt.news\/index.php?rest_route=\/wp\/v2\/posts\/15920\/revisions"}],"wp:featuredmedia":[{"embeddable":true,"href":"https:\/\/agromt.news\/index.php?rest_route=\/wp\/v2\/media\/11386"}],"wp:attachment":[{"href":"https:\/\/agromt.news\/index.php?rest_route=%2Fwp%2Fv2%2Fmedia&parent=15920"}],"wp:term":[{"taxonomy":"category","embeddable":true,"href":"https:\/\/agromt.news\/index.php?rest_route=%2Fwp%2Fv2%2Fcategories&post=15920"},{"taxonomy":"post_tag","embeddable":true,"href":"https:\/\/agromt.news\/index.php?rest_route=%2Fwp%2Fv2%2Ftags&post=15920"}],"curies":[{"name":"wp","href":"https:\/\/api.w.org\/{rel}","templated":true}]}}