{"id":15916,"date":"2025-06-30T19:19:58","date_gmt":"2025-06-30T23:19:58","guid":{"rendered":"https:\/\/agromt.news\/?p=15916"},"modified":"2025-06-30T19:19:58","modified_gmt":"2025-06-30T23:19:58","slug":"desemprego-recua-no-brasil-e-pequenos-negocios-lideram-geracao-de-empregos","status":"publish","type":"post","link":"https:\/\/agromt.news\/?p=15916","title":{"rendered":"Desemprego recua no Brasil e pequenos neg\u00f3cios lideram gera\u00e7\u00e3o de empregos"},"content":{"rendered":"<p> <br \/>\n<br \/><img decoding=\"async\" src=\"https:\/\/agromt.news\/wp-content\/uploads\/2025\/06\/Desemprego-recua-no-Brasil-e-pequenos-negocios-lideram-geracao-de.jpg\" \/><\/p>\n<div>\n<p>A taxa de <a href=\"https:\/\/www.canalrural.com.br\/economia\/taxa-de-desemprego-tem-queda-no-trimestre-ate-abril-mostra-ibge\/\">desemprego<\/a> no Brasil caiu para 6,2% no trimestre encerrado em maio, segundo a PNAD Cont\u00ednua Mensal, do IBGE. O \u00edndice representa uma queda de 0,6 ponto percentual em rela\u00e7\u00e3o ao trimestre anterior e de 0,9 p.p. na compara\u00e7\u00e3o anual.<\/p>\n<p>Grande parte dessa evolu\u00e7\u00e3o se deve aos pequenos neg\u00f3cios. Microempreendedores individuais (MEI), microempresas (ME) e empresas de pequeno porte (EPP) foram respons\u00e1veis por cerca de 60% das contrata\u00e7\u00f5es formais registradas at\u00e9 abril, conforme an\u00e1lise do Sebrae com base nos dados do Caged. Entre janeiro e abril, o setor contratou mais de 546 mil trabalhadores.<\/p>\n<blockquote class=\"wp-block-quote is-layout-flow wp-block-quote-is-layout-flow\">\n<p>\u201cOs pequenos neg\u00f3cios s\u00e3o o motor do desenvolvimento nacional. Garantem renda e dignidade para a popula\u00e7\u00e3o\u201d, afirma D\u00e9cio Lima, presidente do Sebrae.<\/p>\n<\/blockquote>\n<\/div>\n<div>\n<p>D\u00e9cio ainda destaca a resili\u00eancia dos empreendedores: \u201cS\u00e3o homens e mulheres que produzem com criatividade, constroem seu pr\u00f3prio neg\u00f3cio e impulsionam a economia do pa\u00eds\u201d.<\/p>\n<ul class=\"wp-block-list\">\n<li><em>Participe do Porteira Aberta Empreender: envie perguntas, sugest\u00f5es e conte sua hist\u00f3ria de empreendedorismo pelo <\/em><a href=\"https:\/\/api.whatsapp.com\/send?phone=5511932796720&amp;PorteiraAbertaEmpreender=SuaMensagem\"><strong>WhatsApp<\/strong><\/a><\/li>\n<\/ul>\n<p>O ritmo de abertura de novos neg\u00f3cios tamb\u00e9m impressiona. De janeiro a maio, o Brasil registrou 2,21 milh\u00f5es de novos pequenos neg\u00f3cios, segundo dados da Receita Federal cruzados pelo <a href=\"https:\/\/sebrae.com.br\/sites\/PortalSebrae\">Sebrae<\/a>. Esse volume representa 97% de todas as empresas abertas no per\u00edodo e \u00e9 24,9% maior do que no mesmo intervalo de 2024. Somente em maio, foram mais de 409 mil novos empreendimentos.<\/p>\n<\/p><\/div>\n<p><br \/>\n<br \/><a href=\"https:\/\/www.canalrural.com.br\/empreendedorismo\/desemprego-recua-no-brasil-e-pequenos-negocios-lideram-geracao-de-empregos\/\">Source link <\/a><\/p>\n","protected":false},"excerpt":{"rendered":"<p>A taxa de desemprego no Brasil caiu para 6,2% no trimestre encerrado em maio, segundo a PNAD Cont\u00ednua Mensal, do<\/p>\n","protected":false},"author":1,"featured_media":15917,"comment_status":"open","ping_status":"open","sticky":false,"template":"","format":"standard","meta":{"_monsterinsights_skip_tracking":false,"_monsterinsights_sitenote_active":false,"_monsterinsights_sitenote_note":"","_monsterinsights_sitenote_category":0,"_uf_show_specific_survey":0,"_uf_disable_surveys":false,"footnotes":""},"categories":[1],"tags":[],"class_list":["post-15916","post","type-post","status-publish","format-standard","has-post-thumbnail","hentry","category-news"],"_links":{"self":[{"href":"https:\/\/agromt.news\/index.php?rest_route=\/wp\/v2\/posts\/15916"}],"collection":[{"href":"https:\/\/agromt.news\/index.php?rest_route=\/wp\/v2\/posts"}],"about":[{"href":"https:\/\/agromt.news\/index.php?rest_route=\/wp\/v2\/types\/post"}],"author":[{"embeddable":true,"href":"https:\/\/agromt.news\/index.php?rest_route=\/wp\/v2\/users\/1"}],"replies":[{"embeddable":true,"href":"https:\/\/agromt.news\/index.php?rest_route=%2Fwp%2Fv2%2Fcomments&post=15916"}],"version-history":[{"count":0,"href":"https:\/\/agromt.news\/index.php?rest_route=\/wp\/v2\/posts\/15916\/revisions"}],"wp:featuredmedia":[{"embeddable":true,"href":"https:\/\/agromt.news\/index.php?rest_route=\/wp\/v2\/media\/15917"}],"wp:attachment":[{"href":"https:\/\/agromt.news\/index.php?rest_route=%2Fwp%2Fv2%2Fmedia&parent=15916"}],"wp:term":[{"taxonomy":"category","embeddable":true,"href":"https:\/\/agromt.news\/index.php?rest_route=%2Fwp%2Fv2%2Fcategories&post=15916"},{"taxonomy":"post_tag","embeddable":true,"href":"https:\/\/agromt.news\/index.php?rest_route=%2Fwp%2Fv2%2Ftags&post=15916"}],"curies":[{"name":"wp","href":"https:\/\/api.w.org\/{rel}","templated":true}]}}