{"id":15914,"date":"2025-06-30T18:50:11","date_gmt":"2025-06-30T22:50:11","guid":{"rendered":"https:\/\/agromt.news\/?p=15914"},"modified":"2025-06-30T18:50:11","modified_gmt":"2025-06-30T22:50:11","slug":"brasil-deveria-seguir-modelo-de-eua-e-espanha-antes-de-liberar-credito-rural-diz-fgv-agro","status":"publish","type":"post","link":"https:\/\/agromt.news\/?p=15914","title":{"rendered":"Brasil deveria seguir modelo de EUA e Espanha antes de liberar cr\u00e9dito rural, diz FGV Agro"},"content":{"rendered":"<p> <br \/>\n<br \/><img decoding=\"async\" src=\"https:\/\/agromt.news\/wp-content\/uploads\/2025\/04\/Conselho-autoriza-prorrogacao-de-pagamento-para-agricultores-afetados-por-seca.jpeg\" \/><\/p>\n<div>\n<p>A frequ\u00eancia e severidade dos problemas clim\u00e1ticos precisam ser consideradas em cada Plano Safra, iniciativa tomada por pa\u00edses desenvolvidos que possuem agricultura moderna e fornecem cr\u00e9dito \u00e0 atividade. Essa \u00e9 a constata\u00e7\u00e3o do coordenador do Observat\u00f3rio de Seguro Rural da FGV Agro, Pedro Loyola. <\/p>\n<p>\u201cNo Brasil, parece que estamos invertendo essa prioridade, ou seja, se d\u00e1 cr\u00e9dito com cifras bilion\u00e1rias aos produtores sem ter o gerenciamento desse risco clim\u00e1tico. Precisamos remodelar a pol\u00edtica agr\u00edcola brasileira para, primeiramente, proporcionar acesso do produtor ao seguro para s\u00f3 ent\u00e3o disponibilizar o cr\u00e9dito\u201d, considera.<\/p>\n<p>Segundo ele, \u00e9 desta forma que funciona em pa\u00edses onde o produtor tem previsibilidade financeira de sua atividade, como nos Estados Unidos e na Espanha, por exemplo.<\/p>\n<p>\u201cTodo ano estamos discutindo renegocia\u00e7\u00e3o de d\u00edvidas, recupera\u00e7\u00e3o judicial, perda de patrim\u00f4nio dos produtores. Me parece um paradoxo o governo falar em desenvolvimento do seguro da agricultura brasileira quando n\u00e3o possui uma vis\u00e3o plurianal.\u201d<\/p>\n<\/div>\n<p><br \/>\n<br \/><a href=\"https:\/\/www.canalrural.com.br\/agricultura\/brasil-deveria-seguir-modelo-de-eua-e-espanha-antes-de-liberar-credito-rural-diz-fgv-agro\/\">Source link <\/a><\/p>\n","protected":false},"excerpt":{"rendered":"<p>A frequ\u00eancia e severidade dos problemas clim\u00e1ticos precisam ser consideradas em cada Plano Safra, iniciativa tomada por pa\u00edses desenvolvidos que<\/p>\n","protected":false},"author":1,"featured_media":11972,"comment_status":"open","ping_status":"open","sticky":false,"template":"","format":"standard","meta":{"_monsterinsights_skip_tracking":false,"_monsterinsights_sitenote_active":false,"_monsterinsights_sitenote_note":"","_monsterinsights_sitenote_category":0,"_uf_show_specific_survey":0,"_uf_disable_surveys":false,"footnotes":""},"categories":[1],"tags":[],"class_list":["post-15914","post","type-post","status-publish","format-standard","has-post-thumbnail","hentry","category-news"],"_links":{"self":[{"href":"https:\/\/agromt.news\/index.php?rest_route=\/wp\/v2\/posts\/15914"}],"collection":[{"href":"https:\/\/agromt.news\/index.php?rest_route=\/wp\/v2\/posts"}],"about":[{"href":"https:\/\/agromt.news\/index.php?rest_route=\/wp\/v2\/types\/post"}],"author":[{"embeddable":true,"href":"https:\/\/agromt.news\/index.php?rest_route=\/wp\/v2\/users\/1"}],"replies":[{"embeddable":true,"href":"https:\/\/agromt.news\/index.php?rest_route=%2Fwp%2Fv2%2Fcomments&post=15914"}],"version-history":[{"count":0,"href":"https:\/\/agromt.news\/index.php?rest_route=\/wp\/v2\/posts\/15914\/revisions"}],"wp:featuredmedia":[{"embeddable":true,"href":"https:\/\/agromt.news\/index.php?rest_route=\/wp\/v2\/media\/11972"}],"wp:attachment":[{"href":"https:\/\/agromt.news\/index.php?rest_route=%2Fwp%2Fv2%2Fmedia&parent=15914"}],"wp:term":[{"taxonomy":"category","embeddable":true,"href":"https:\/\/agromt.news\/index.php?rest_route=%2Fwp%2Fv2%2Fcategories&post=15914"},{"taxonomy":"post_tag","embeddable":true,"href":"https:\/\/agromt.news\/index.php?rest_route=%2Fwp%2Fv2%2Ftags&post=15914"}],"curies":[{"name":"wp","href":"https:\/\/api.w.org\/{rel}","templated":true}]}}