{"id":15913,"date":"2025-06-30T18:44:42","date_gmt":"2025-06-30T22:44:42","guid":{"rendered":"https:\/\/agromt.news\/?p=15913"},"modified":"2025-06-30T18:44:42","modified_gmt":"2025-06-30T22:44:42","slug":"aproveite-o-atual-lucro-da-soja-diz-consultoria","status":"publish","type":"post","link":"https:\/\/agromt.news\/?p=15913","title":{"rendered":"\u201cAproveite o atual lucro da soja\u201d, diz consultoria"},"content":{"rendered":"<p> <br \/>\n<\/p>\n<div>\n<div class=\"row\">\n<div class=\"col-lg col-infos mt-0 mt-lg-0\">\n<div class=\"section-sub-title\">\n<p itemprop=\"description\">&#13;<br \/>\n                                A valoriza\u00e7\u00e3o do real frente ao d\u00f3lar em junho reduziu a competitividade&#13;\n                            <\/p>\n<\/p><\/div>\n<div class=\"container\">\n<div class=\"row\">\n<div class=\"col-lg p-0\">\n<div>\n<div class=\"block-news-main-infos mt-3 text-start\">\n<p>                                            <strong class=\"fn\" itemprop=\"author\" style=\"color: rgb(112, 112, 112); \">&#13;<br \/>\n                                                <a href=\"https:\/\/www.agrolink.com.br\/noticias\/javascript:;\" class=\"text-uppercase\" target=\"_blank\" style=\"color: rgb(112, 112, 112); \" rel=\"noopener\">Agrolink<\/a>&#13;<br \/>\n&#13;<br \/>\n                                                    &#8211; Leonardo Gottems&#13;<br \/>\n&#13;<br \/>\n                                            <\/strong><br \/>\n                                        <\/p>\n<p>                                            <abbr><time datetime=\"2025-06-30T07:41\" itemprop=\"datePublished dateModified\">Publicado em 30\/06\/2025 \u00e0s 07:41h.<\/time><\/abbr><br \/>\n                                            <\/p><\/div>\n<\/p><\/div>\n<\/p><\/div>\n<div class=\"col-lg p-0 text-lg-end\">\n<div>\n<div id=\"mdEnviarPagina\" class=\"modal fade\" role=\"dialog\">\n<div class=\"modal-dialog\">\n<div class=\"modal-content\">\n<div class=\"modal-body\">\n<p><strong>Estimado usu\u00e1rio.<\/strong><br \/>Preencha o formul\u00e1rio abaixo para remeter a p\u00e1gina.<\/p>\n<\/p><\/div>\n<\/p><\/div>\n<\/p><\/div>\n<\/div><\/div>\n<\/p><\/div>\n<\/p><\/div>\n<\/p><\/div>\n<\/p><\/div>\n<\/p><\/div>\n<div class=\"row justify-content-md-center mt-3\">\n<div class=\"col-lg-auto col-image block-news-main-image\">\n<p>                                <img decoding=\"async\" src=\"https:\/\/www.agrolink.com.br\/upload\/imagens-resizes\/e1bc78189db643938ca2be7db00866b5_858x483.jpg\" class=\"lazyload img-fluid\" alt=\"A valoriza\u00e7\u00e3o do real frente ao d\u00f3lar em junho reduziu a competitividade das exporta\u00e7\u00f5es\"\/><br \/>\n                                                <span class=\"d-block mt-1\">A valoriza\u00e7\u00e3o do real frente ao d\u00f3lar em junho reduziu a competitividade das exporta\u00e7\u00f5es &#8211; Foto: Divulga\u00e7\u00e3o<\/span><\/p><\/div>\n<\/p><\/div>\n<div class=\"section-description section-description-noticias mt-3\">\n<p>Produtores de <a href=\"https:\/\/www.agrolink.com.br\/culturas\/soja?utm_source=agrolink-detalhe-noticia&amp;utm_medium=detalhe-noticia&amp;utm_campaign=links-internos\" target=\"_blank\" rel=\"noopener\">soja<\/a> devem aproveitar o atual lucro m\u00e9dio de 31,27% para garantir ao menos a cobertura dos custos de produ\u00e7\u00e3o. Essa \u00e9 a principal recomenda\u00e7\u00e3o da TF Agroecon\u00f4mica, que alerta para a import\u00e2ncia de realizar vendas parciais, mesmo diante de incertezas externas como guerras ou tarifas, mantendo o restante da produ\u00e7\u00e3o para poss\u00edveis altas futuras do mercado.&#13;\n<\/p>\n<p>Segundo an\u00e1lise da TF, a valoriza\u00e7\u00e3o do real frente ao d\u00f3lar em junho reduziu a competitividade das exporta\u00e7\u00f5es brasileiras, desestimulando as vendas internas \u2014 o que foi altista para Chicago (CBOT), mas baixista para os pre\u00e7os no Brasil. Outro fator de alta foi a eleva\u00e7\u00e3o das tarifas de exporta\u00e7\u00e3o pela Argentina a partir de 1\u00ba de julho, o que pode desacelerar o ritmo de comercializa\u00e7\u00e3o do pa\u00eds vizinho. Al\u00e9m disso, novas vendas para o M\u00e9xico, como a de 119,7 mil toneladas confirmadas pelo USDA para 2025\/26, tamb\u00e9m refor\u00e7am o vi\u00e9s altista.<\/p>\n<p>Do lado negativo, o mercado ainda sente a aus\u00eancia de novos acordos comerciais com a China, o que limita as compras de soja norte-americana. Condi\u00e7\u00f5es clim\u00e1ticas favor\u00e1veis nos EUA e no Centro-Oeste brasileiro tamb\u00e9m pesam contra os pre\u00e7os, assim como o aumento da \u00e1rea plantada nos Estados Unidos. Internamente, a queda nos pre\u00e7os de carnes e etanol, principais consumidores de farelo, derrubou o pre\u00e7o do subproduto (-21,67%) e refletiu na soja (-3,24%).&#13;\n<\/p>\n<p>Na an\u00e1lise t\u00e9cnica, a op\u00e7\u00e3o de venda (put) de setembro a US\\$ 9,60 foi a mais negociada, enquanto o maior interesse est\u00e1 nas calls de novembro a US\\$ 12,00. J\u00e1 os fundos reduziram sua posi\u00e7\u00e3o comprada l\u00edquida em soja para 23.448 contratos, enquanto no farelo atingiram recorde de 110.080 contratos comprados l\u00edquidos.<br \/>&#13;<br \/>\n\u00a0<\/p>\n<\/p><\/div>\n<\/p><\/div>\n<p><script data-cfasync=\"false\">\n    !function (f, b, e, v, n, t, s) {\n        if (f.fbq) return; n = f.fbq = function () {\n            n.callMethod ?\n                n.callMethod.apply(n, arguments) : n.queue.push(arguments)\n        };\n        if (!f._fbq) f._fbq = n; n.push = n; n.loaded = !0; n.version = '2.0';\n        n.queue = []; t = b.createElement(e); t.async = !0;\n        t.src = v; s = b.getElementsByTagName(e)[0];\n        s.parentNode.insertBefore(t, s)\n    }(window, document, 'script',\n        'https:\/\/connect.facebook.net\/en_US\/fbevents.js');\n    fbq('init', '522546078623747');\n    fbq('track', 'PageView');\n<\/script><br \/>\n<br \/><br \/>\n<br \/><a href=\"https:\/\/www.agrolink.com.br\/noticias\/-aproveite-o-atual-lucro-da-soja---diz-consultoria_503419.html\">Source link <\/a><\/p>\n","protected":false},"excerpt":{"rendered":"<p>&#13; A valoriza\u00e7\u00e3o do real frente ao d\u00f3lar em junho reduziu a competitividade&#13; &#13; Agrolink&#13; &#13; &#8211; Leonardo Gottems&#13; &#13;<\/p>\n","protected":false},"author":1,"featured_media":3562,"comment_status":"open","ping_status":"open","sticky":false,"template":"","format":"standard","meta":{"_monsterinsights_skip_tracking":false,"_monsterinsights_sitenote_active":false,"_monsterinsights_sitenote_note":"","_monsterinsights_sitenote_category":0,"_uf_show_specific_survey":0,"_uf_disable_surveys":false,"footnotes":""},"categories":[8,1,14],"tags":[],"class_list":["post-15913","post","type-post","status-publish","format-standard","has-post-thumbnail","hentry","category-agro","category-news","category-politica-agro"],"_links":{"self":[{"href":"https:\/\/agromt.news\/index.php?rest_route=\/wp\/v2\/posts\/15913"}],"collection":[{"href":"https:\/\/agromt.news\/index.php?rest_route=\/wp\/v2\/posts"}],"about":[{"href":"https:\/\/agromt.news\/index.php?rest_route=\/wp\/v2\/types\/post"}],"author":[{"embeddable":true,"href":"https:\/\/agromt.news\/index.php?rest_route=\/wp\/v2\/users\/1"}],"replies":[{"embeddable":true,"href":"https:\/\/agromt.news\/index.php?rest_route=%2Fwp%2Fv2%2Fcomments&post=15913"}],"version-history":[{"count":0,"href":"https:\/\/agromt.news\/index.php?rest_route=\/wp\/v2\/posts\/15913\/revisions"}],"wp:featuredmedia":[{"embeddable":true,"href":"https:\/\/agromt.news\/index.php?rest_route=\/wp\/v2\/media\/3562"}],"wp:attachment":[{"href":"https:\/\/agromt.news\/index.php?rest_route=%2Fwp%2Fv2%2Fmedia&parent=15913"}],"wp:term":[{"taxonomy":"category","embeddable":true,"href":"https:\/\/agromt.news\/index.php?rest_route=%2Fwp%2Fv2%2Fcategories&post=15913"},{"taxonomy":"post_tag","embeddable":true,"href":"https:\/\/agromt.news\/index.php?rest_route=%2Fwp%2Fv2%2Ftags&post=15913"}],"curies":[{"name":"wp","href":"https:\/\/api.w.org\/{rel}","templated":true}]}}