{"id":15909,"date":"2025-06-30T18:20:34","date_gmt":"2025-06-30T22:20:34","guid":{"rendered":"https:\/\/agromt.news\/?p=15909"},"modified":"2025-06-30T18:20:34","modified_gmt":"2025-06-30T22:20:34","slug":"a-temperatura-mais-alta-ja-registrada-na-terra-foi-de-567-c","status":"publish","type":"post","link":"https:\/\/agromt.news\/?p=15909","title":{"rendered":"A temperatura mais alta j\u00e1 registrada na Terra foi de 56,7\u202f\u00b0C"},"content":{"rendered":"<p> <br \/>\n<br \/><img decoding=\"async\" src=\"https:\/\/agromt.news\/wp-content\/uploads\/2025\/06\/A-temperatura-mais-alta-ja-registrada-na-Terra-foi-de.png\" \/><\/p>\n<div>\n<p>Voc\u00ea j\u00e1 imaginou conviver com quase 57\u202f\u00b0C \u00e0 sombra? Pois essa foi a temperatura <strong>mais alta j\u00e1 registrada na superf\u00edcie da Terra<\/strong>, oficialmente reconhecida pela Organiza\u00e7\u00e3o Meteorol\u00f3gica Mundial (OMM). O recorde aconteceu no <strong>Vale da Morte (Death Valley)<\/strong>, mais especificamente em <strong>Furnace Creek, Calif\u00f3rnia (EUA)<\/strong>, em <strong>10 de julho de 1913<\/strong>. O valor exato: <strong>56,7\u202f\u00b0C<\/strong>.<\/p>\n<p>Esse registro extremo segue sendo estudado por meteorologistas, climatologistas e especialistas em mudan\u00e7as clim\u00e1ticas, justamente por representar um dos limites naturais do planeta quando se trata de calor intenso.<\/p>\n<h2 class=\"wp-block-heading\" id=\"h-por-que-o-vale-da-morte-e-tao-quente\"><strong><strong>Por que o Vale da Morte \u00e9 t\u00e3o quente?<\/strong><\/strong><\/h2>\n<p>O Vale da Morte est\u00e1 situado a <strong>86 metros abaixo do n\u00edvel do mar<\/strong>, em uma regi\u00e3o cercada por montanhas, o que cria um verdadeiro \u201ccaldeir\u00e3o\u201d clim\u00e1tico. O ar quente e seco que entra na \u00e1rea fica preso, sem ventila\u00e7\u00e3o adequada para circular e dissipar o calor. Al\u00e9m disso, o solo des\u00e9rtico reflete a radia\u00e7\u00e3o solar com intensidade, mantendo o calor pr\u00f3ximo \u00e0 superf\u00edcie.<\/p>\n<p>Durante o ver\u00e3o, as <a href=\"https:\/\/www.canalrural.com.br\/tempo\/frente-fria-e-temperaturas-entre-2c-e-40c-devem-marcar-a-semana\/\">temperaturas <\/a>por l\u00e1 frequentemente ultrapassam os <strong>50\u202f\u00b0C<\/strong>, tornando o local um dos ambientes mais in\u00f3spitos do planeta. Mesmo com sombra e hidrata\u00e7\u00e3o, a exposi\u00e7\u00e3o prolongada pode causar exaust\u00e3o t\u00e9rmica em poucos minutos.<\/p>\n<h2 class=\"wp-block-heading\" id=\"h-como-o-calor-extremo-afeta-o-campo\"><strong>Como o calor extremo afeta o campo?<\/strong><\/h2>\n<p>As altas temperaturas impactam diretamente o setor agropecu\u00e1rio. Quando a temperatura ultrapassa os 35\u202f\u00b0C de forma persistente, diversos problemas podem surgir:<\/p>\n<\/div>\n<div>\n<ul class=\"wp-block-list\">\n<li><strong>Tombamento de lavouras<\/strong><\/li>\n<li><strong>Estresse t\u00e9rmico em animais<\/strong>, afetando diretamente a produ\u00e7\u00e3o de leite, ovos e carne.<\/li>\n<li><strong>Acelera\u00e7\u00e3o da evapora\u00e7\u00e3o<\/strong> e do consumo de \u00e1gua no solo, exigindo maior efici\u00eancia na irriga\u00e7\u00e3o.<\/li>\n<\/ul>\n<ul class=\"wp-block-list\">\n<li><strong>Risco aumentado de inc\u00eandios florestais e em \u00e1reas de pastagem seca.<\/strong><\/li>\n<\/ul>\n<h2 class=\"wp-block-heading\" id=\"h-o-papel-da-previsao-do-tempo\"><strong>O papel da previs\u00e3o do tempo<\/strong><\/h2>\n<p>Saber com anteced\u00eancia sobre ondas de calor \u00e9 uma das principais formas de <strong>prevenir preju\u00edzos no campo<\/strong>. Com informa\u00e7\u00f5es meteorol\u00f3gicas confi\u00e1veis, o produtor pode antecipar a\u00e7\u00f5es como:<\/p>\n<ul class=\"wp-block-list\">\n<li>Reprogramar irriga\u00e7\u00e3o e colheita;<\/li>\n<li>Ajustar o manejo do gado para hor\u00e1rios mais amenos;<\/li>\n<li>Refor\u00e7ar a prote\u00e7\u00e3o de estufas ou sombrites;<\/li>\n<li>Reduzir o estresse h\u00eddrico com pr\u00e1ticas conservacionistas.<\/li>\n<\/ul>\n<p>\u00c9 por isso que o <strong>Canal Rural<\/strong>, junto com o meteorologista <strong>Arthur Muller<\/strong>, tem investido em conte\u00fado exclusivo sobre <strong>clima aplicado ao agroneg\u00f3cio<\/strong> com a cria\u00e7\u00e3o do E-book Clima Campo, onde o produtor rural encontra informa\u00e7\u00f5es para se preparar sobre o clima. <a href=\"https:\/\/climacampo.canalrural.com.br\/climacampo_-01?utm_campaign=sua_colheita_depende_do_clima&amp;utm_medium=email&amp;utm_source=RD+Station\">Garanta o seu<\/a>.\u00a0<\/p>\n<\/p><\/div>\n<p><br \/>\n<br \/><a href=\"https:\/\/www.canalrural.com.br\/diversos\/a-temperatura-mais-alta-ja-registrada-na-terra-foi-de-567-c\/\">Source link <\/a><\/p>\n","protected":false},"excerpt":{"rendered":"<p>Voc\u00ea j\u00e1 imaginou conviver com quase 57\u202f\u00b0C \u00e0 sombra? Pois essa foi a temperatura mais alta j\u00e1 registrada na superf\u00edcie<\/p>\n","protected":false},"author":1,"featured_media":15910,"comment_status":"open","ping_status":"open","sticky":false,"template":"","format":"standard","meta":{"_monsterinsights_skip_tracking":false,"_monsterinsights_sitenote_active":false,"_monsterinsights_sitenote_note":"","_monsterinsights_sitenote_category":0,"_uf_show_specific_survey":0,"_uf_disable_surveys":false,"footnotes":""},"categories":[1],"tags":[],"class_list":["post-15909","post","type-post","status-publish","format-standard","has-post-thumbnail","hentry","category-news"],"_links":{"self":[{"href":"https:\/\/agromt.news\/index.php?rest_route=\/wp\/v2\/posts\/15909"}],"collection":[{"href":"https:\/\/agromt.news\/index.php?rest_route=\/wp\/v2\/posts"}],"about":[{"href":"https:\/\/agromt.news\/index.php?rest_route=\/wp\/v2\/types\/post"}],"author":[{"embeddable":true,"href":"https:\/\/agromt.news\/index.php?rest_route=\/wp\/v2\/users\/1"}],"replies":[{"embeddable":true,"href":"https:\/\/agromt.news\/index.php?rest_route=%2Fwp%2Fv2%2Fcomments&post=15909"}],"version-history":[{"count":0,"href":"https:\/\/agromt.news\/index.php?rest_route=\/wp\/v2\/posts\/15909\/revisions"}],"wp:featuredmedia":[{"embeddable":true,"href":"https:\/\/agromt.news\/index.php?rest_route=\/wp\/v2\/media\/15910"}],"wp:attachment":[{"href":"https:\/\/agromt.news\/index.php?rest_route=%2Fwp%2Fv2%2Fmedia&parent=15909"}],"wp:term":[{"taxonomy":"category","embeddable":true,"href":"https:\/\/agromt.news\/index.php?rest_route=%2Fwp%2Fv2%2Fcategories&post=15909"},{"taxonomy":"post_tag","embeddable":true,"href":"https:\/\/agromt.news\/index.php?rest_route=%2Fwp%2Fv2%2Ftags&post=15909"}],"curies":[{"name":"wp","href":"https:\/\/api.w.org\/{rel}","templated":true}]}}