{"id":15903,"date":"2025-06-30T17:36:10","date_gmt":"2025-06-30T21:36:10","guid":{"rendered":"https:\/\/agromt.news\/?p=15903"},"modified":"2025-06-30T17:36:10","modified_gmt":"2025-06-30T21:36:10","slug":"a-maior-nuvem-do-mundo-pode-atingir-ate-20-km-de-altura","status":"publish","type":"post","link":"https:\/\/agromt.news\/?p=15903","title":{"rendered":"A maior nuvem do mundo pode atingir at\u00e9 20 km de altura"},"content":{"rendered":"<p> <br \/>\n<br \/><img decoding=\"async\" src=\"https:\/\/agromt.news\/wp-content\/uploads\/2025\/06\/A-maior-nuvem-do-mundo-pode-atingir-ate-20-km.png\" \/><\/p>\n<div>\n<p>Elas parecem inofensivas quando come\u00e7am a se formar no horizonte, mas podem se transformar em verdadeiras <strong>torres atmosf\u00e9ricas<\/strong>. Estamos falando das <strong>nuvens do tipo Cumulonimbus<\/strong>, conhecidas por serem as maiores e mais potentes da atmosfera terrestre. Em condi\u00e7\u00f5es extremas, elas podem alcan\u00e7ar impressionantes <strong>20 quil\u00f4metros de altura<\/strong> \u2014 ou seja, mais que o dobro da altura de um voo comercial.<\/p>\n<p>Esse tipo de forma\u00e7\u00e3o pode evoluir para um sistema que pode provocar tempestades severas.<\/p>\n<h2 class=\"wp-block-heading\" id=\"h-cumulonimbus-as-nuvens-que-anunciam-o-perigo\"><strong>Cumulonimbus: as nuvens que anunciam o perigo<\/strong><\/h2>\n<p>As Cumulonimbus s\u00e3o nuvens densas, com grande desenvolvimento vertical. Elas se formam em atmosferas inst\u00e1veis, onde h\u00e1 muita umidade, calor e movimento ascendente de ar. Sua base pode estar a poucos quil\u00f4metros do solo, mas o topo pode alcan\u00e7ar a <strong>estratosfera<\/strong>, chegando a at\u00e9 20 km de altitude.<\/p>\n<p>Al\u00e9m de seu tamanho impressionante, s\u00e3o tamb\u00e9m as <strong>principais respons\u00e1veis por eventos meteorol\u00f3gicos extremos<\/strong>, como:<\/p>\n<ul class=\"wp-block-list\">\n<li>Tempestades com <strong>chuva intensa<\/strong> em curto per\u00edodo;<\/li>\n<li><strong>Granizo<\/strong> que danifica lavouras e estruturas rurais;<\/li>\n<li><strong>Microexplos\u00f5es<\/strong> (downbursts), com rajadas de vento que derrubam \u00e1rvores e m\u00e1quinas;<\/li>\n<li><strong>Cumulonimbus <\/strong>pode gerar um mesociclone, que \u00e9 quando a tempestade adquire rota\u00e7\u00e3o aumentando potencialmente o risco para forma\u00e7\u00e3o de um tornado.<\/li>\n<\/ul>\n<h2 class=\"wp-block-heading\" id=\"h-impacto-direto-no-agro\"><strong>Impacto direto no agro<\/strong><\/h2>\n<p>No campo, a presen\u00e7a de <a href=\"https:\/\/www.canalrural.com.br\/tempo\/video-nuvem-prateleira-gigante-assusta-moradores-de-cuiaba\/\">nuvens <\/a>Cumulonimbus \u00e9 sinal de <strong>alerta m\u00e1ximo<\/strong>. A chegada de uma tempestade desse tipo pode causar:<\/p>\n<\/div>\n<div>\n<ul class=\"wp-block-list\">\n<li><strong>Perdas agr\u00edcolas<\/strong> por excesso de chuva, granizo e rajadas de vento;<\/li>\n<li><strong>Danos a silos, galp\u00f5es e estufas<\/strong> por granizo ou rajadas de vento;<\/li>\n<li><strong>Interrup\u00e7\u00e3o de colheitas e aplica\u00e7\u00e3o de defensivos<\/strong>;<\/li>\n<li><strong>Risco \u00e0 integridade f\u00edsica<\/strong> de trabalhadores em campo aberto.<\/li>\n<\/ul>\n<p>A recomenda\u00e7\u00e3o \u00e9 sempre interromper as atividades quando esse tipo de nuvem for identificado nas proximidades, e buscar abrigo em locais seguros.<\/p>\n<h3 class=\"wp-block-heading\"><strong>Como identificar uma Cumulonimbus?<\/strong><\/h3>\n<ul class=\"wp-block-list\">\n<li>Tem aspecto de torre e no topo se expande horizontalmente formando uma bigorna<\/li>\n<li>Vento frio e trov\u00f5es costumam antecipar sua chegada<\/li>\n<\/ul>\n<p>Com o uso de <strong>tecnologias meteorol\u00f3gicas e previs\u00e3o em tempo real<\/strong>, produtores conseguem acompanhar essas forma\u00e7\u00f5es e <strong>tomar decis\u00f5es preventivas<\/strong> no manejo da lavoura e do rebanho.<\/p>\n<p>Pensando nisso, o Canal Rural, junto com o Meteorologista Arthur Muller, desenvolveram o E-book Clima Campo. Esse E-book tem o objetivo de prevenir o produtor rural sobre os fen\u00f4menos meteorol\u00f3gicos, <a href=\"https:\/\/climacampo.canalrural.com.br\/climacampo_-01?utm_campaign=sua_colheita_depende_do_clima&amp;utm_medium=email&amp;utm_source=RD+Station\">garanta o seu<\/a>.<\/p>\n<\/p><\/div>\n<p><br \/>\n<br \/><a href=\"https:\/\/www.canalrural.com.br\/diversos\/a-maior-nuvem-do-mundo-pode-atingir-ate-20-km-de-altura\/\">Source link <\/a><\/p>\n","protected":false},"excerpt":{"rendered":"<p>Elas parecem inofensivas quando come\u00e7am a se formar no horizonte, mas podem se transformar em verdadeiras torres atmosf\u00e9ricas. Estamos falando<\/p>\n","protected":false},"author":1,"featured_media":15904,"comment_status":"open","ping_status":"open","sticky":false,"template":"","format":"standard","meta":{"_monsterinsights_skip_tracking":false,"_monsterinsights_sitenote_active":false,"_monsterinsights_sitenote_note":"","_monsterinsights_sitenote_category":0,"_uf_show_specific_survey":0,"_uf_disable_surveys":false,"footnotes":""},"categories":[1],"tags":[],"class_list":["post-15903","post","type-post","status-publish","format-standard","has-post-thumbnail","hentry","category-news"],"_links":{"self":[{"href":"https:\/\/agromt.news\/index.php?rest_route=\/wp\/v2\/posts\/15903"}],"collection":[{"href":"https:\/\/agromt.news\/index.php?rest_route=\/wp\/v2\/posts"}],"about":[{"href":"https:\/\/agromt.news\/index.php?rest_route=\/wp\/v2\/types\/post"}],"author":[{"embeddable":true,"href":"https:\/\/agromt.news\/index.php?rest_route=\/wp\/v2\/users\/1"}],"replies":[{"embeddable":true,"href":"https:\/\/agromt.news\/index.php?rest_route=%2Fwp%2Fv2%2Fcomments&post=15903"}],"version-history":[{"count":0,"href":"https:\/\/agromt.news\/index.php?rest_route=\/wp\/v2\/posts\/15903\/revisions"}],"wp:featuredmedia":[{"embeddable":true,"href":"https:\/\/agromt.news\/index.php?rest_route=\/wp\/v2\/media\/15904"}],"wp:attachment":[{"href":"https:\/\/agromt.news\/index.php?rest_route=%2Fwp%2Fv2%2Fmedia&parent=15903"}],"wp:term":[{"taxonomy":"category","embeddable":true,"href":"https:\/\/agromt.news\/index.php?rest_route=%2Fwp%2Fv2%2Fcategories&post=15903"},{"taxonomy":"post_tag","embeddable":true,"href":"https:\/\/agromt.news\/index.php?rest_route=%2Fwp%2Fv2%2Ftags&post=15903"}],"curies":[{"name":"wp","href":"https:\/\/api.w.org\/{rel}","templated":true}]}}