{"id":15901,"date":"2025-06-30T17:22:02","date_gmt":"2025-06-30T21:22:02","guid":{"rendered":"https:\/\/agromt.news\/?p=15901"},"modified":"2025-06-30T17:22:02","modified_gmt":"2025-06-30T21:22:02","slug":"vcan-o-fenomeno-atmosferico-que-influencia-o-clima-e-o-agro-no-brasil","status":"publish","type":"post","link":"https:\/\/agromt.news\/?p=15901","title":{"rendered":"VCAN: o fen\u00f4meno atmosf\u00e9rico que influencia o clima e o agro no Brasil"},"content":{"rendered":"<p> <br \/>\n<br \/><img decoding=\"async\" src=\"https:\/\/agromt.news\/wp-content\/uploads\/2025\/06\/VCAN-o-fenomeno-atmosferico-que-influencia-o-clima-e-o.png\" \/><\/p>\n<div>\n<p>O <strong>V\u00f3rtice Cicl\u00f4nico de Altos N\u00edveis (VCAN)<\/strong> \u00e9 um sistema de circula\u00e7\u00e3o atmosf\u00e9rica que atua em altos n\u00edveis da troposfera, caracterizado por ventos girando no sentido hor\u00e1rio <em>no hemisf\u00e9rio sul<\/em>. Embora seja um fen\u00f4meno comum nas regi\u00f5es tropicais, sua presen\u00e7a pode ter impactos significativos no clima em todo territ\u00f3rio brasileiro, afetando diretamente o agroneg\u00f3cio.<\/p>\n<h2 class=\"wp-block-heading\" id=\"h-onde-e-quando-o-vcan-ocorre-no-nordeste-do-brasil\"><strong>Onde e quando o VCAN ocorre no Nordeste do Brasil?<\/strong><\/h2>\n<p>O VCAN costuma se formar entre os meses de outubro e abril, per\u00edodo correspondente \u00e0 esta\u00e7\u00e3o chuvosa no semi\u00e1rido nordestino. Sua atua\u00e7\u00e3o \u00e9 mais frequente nas regi\u00f5es interioranas do Nordeste, especialmente nos estados do Cear\u00e1, Rio Grande do Norte, Para\u00edba e Pernambuco.<\/p>\n<h2 class=\"wp-block-heading\" id=\"h-como-o-vcan-afeta-as-condicoes-meteorologicas\"><strong>Como o VCAN afeta as condi\u00e7\u00f5es meteorol\u00f3gicas<\/strong><\/h2>\n<p>O VCAN influencia <strong>a atmosfera da regi\u00e3o<\/strong> de duas maneiras principais:<\/p>\n<ul class=\"wp-block-list\">\n<li><strong>Centro do v\u00f3rtice<\/strong>: \u00e1rea de subsid\u00eancia (movimento descendente do ar), inibindo a forma\u00e7\u00e3o de nuvens e, consequentemente, reduzindo as chuvas.<\/li>\n<li><strong>Bordas do v\u00f3rtice<\/strong>: \u00e1reas de converg\u00eancia e ascens\u00e3o do ar, favorecendo a forma\u00e7\u00e3o de nuvens e precipita\u00e7\u00f5es.<\/li>\n<\/ul>\n<p>Portanto, enquanto algumas regi\u00f5es podem experimentar estiagem, outras podem ser beneficiadas com chuvas, dependendo da posi\u00e7\u00e3o e intensidade do VCAN.<\/p>\n<h2 class=\"wp-block-heading\" id=\"h-impactos-no-agronegocio\"><strong>Impactos no agroneg\u00f3cio<\/strong><\/h2>\n<p>A atua\u00e7\u00e3o do VCAN pode trazer <a href=\"https:\/\/www.canalrural.com.br\/programas\/vortice-ciclonico-provoca-chuva-em-areas-do-matopiba\/\">desafios <\/a>e oportunidades para o setor agropecu\u00e1rio:<\/p>\n<\/div>\n<div>\n<ul class=\"wp-block-list\">\n<li><strong>Positivos<\/strong>: nas bordas do v\u00f3rtice, o aumento das chuvas pode beneficiar culturas como milho, feij\u00e3o e pastagens, melhorando a produtividade e a disponibilidade de forragem para o gado.<\/li>\n<li><strong>Negativos<\/strong>: no centro do v\u00f3rtice, a redu\u00e7\u00e3o das chuvas pode levar \u00e0 estiagem, prejudicando o desenvolvimento das lavouras e comprometendo a produ\u00e7\u00e3o agr\u00edcola.<\/li>\n<\/ul>\n<h2 class=\"wp-block-heading\" id=\"h-monitoramento-e-previsao\"><strong>Monitoramento e previs\u00e3o<\/strong><\/h2>\n<p>Acompanhar a forma\u00e7\u00e3o e deslocamento do VCAN \u00e9 essencial para o planejamento agr\u00edcola. Institui\u00e7\u00f5es meteorol\u00f3gicas utilizam imagens de sat\u00e9lite e modelos atmosf\u00e9ricos para prever a atua\u00e7\u00e3o do v\u00f3rtice e emitir alertas para os produtores rurais<\/p>\n<h2 class=\"wp-block-heading\" id=\"h-vcan-mitigar-riscos-e-aproveitar-as-oportunidades\"><strong>VCAN<\/strong>: <strong>Mitigar riscos e aproveitar as oportunidades<\/strong><\/h2>\n<p>O VCAN \u00e9 um fen\u00f4meno atmosf\u00e9rico que, apesar de sua atua\u00e7\u00e3o em altos n\u00edveis da atmosfera, tem efeitos diretos no clima e, consequentemente, no agroneg\u00f3cio do Nordeste brasileiro. <\/p>\n<p>Compreender sua din\u00e2mica e monitorar sua presen\u00e7a s\u00e3o passos fundamentais para mitigar riscos e aproveitar as oportunidades que ele pode oferecer ao setor agr\u00edcola.<\/p>\n<p>Pensando nisso, o Canal Rural, junto com o Meteorologista Arthur Muller, desenvolveram o E-book Clima Campo. Esse E-book tem o objetivo de prevenir o produtor rural sobre os fen\u00f4menos meteorol\u00f3gicos, <a href=\"https:\/\/climacampo.canalrural.com.br\/climacampo_-01?utm_campaign=sua_colheita_depende_do_clima&amp;utm_medium=email&amp;utm_source=RD+Station\">garanta o seu<\/a>.<\/p>\n<\/p><\/div>\n<p><br \/>\n<br \/><a href=\"https:\/\/www.canalrural.com.br\/diversos\/vcan-o-fenomeno-atmosferico-que-influencia-o-clima-e-o-agro-no-brasil\/\">Source link <\/a><\/p>\n","protected":false},"excerpt":{"rendered":"<p>O V\u00f3rtice Cicl\u00f4nico de Altos N\u00edveis (VCAN) \u00e9 um sistema de circula\u00e7\u00e3o atmosf\u00e9rica que atua em altos n\u00edveis da troposfera,<\/p>\n","protected":false},"author":1,"featured_media":15902,"comment_status":"open","ping_status":"open","sticky":false,"template":"","format":"standard","meta":{"_monsterinsights_skip_tracking":false,"_monsterinsights_sitenote_active":false,"_monsterinsights_sitenote_note":"","_monsterinsights_sitenote_category":0,"_uf_show_specific_survey":0,"_uf_disable_surveys":false,"footnotes":""},"categories":[1],"tags":[],"class_list":["post-15901","post","type-post","status-publish","format-standard","has-post-thumbnail","hentry","category-news"],"_links":{"self":[{"href":"https:\/\/agromt.news\/index.php?rest_route=\/wp\/v2\/posts\/15901"}],"collection":[{"href":"https:\/\/agromt.news\/index.php?rest_route=\/wp\/v2\/posts"}],"about":[{"href":"https:\/\/agromt.news\/index.php?rest_route=\/wp\/v2\/types\/post"}],"author":[{"embeddable":true,"href":"https:\/\/agromt.news\/index.php?rest_route=\/wp\/v2\/users\/1"}],"replies":[{"embeddable":true,"href":"https:\/\/agromt.news\/index.php?rest_route=%2Fwp%2Fv2%2Fcomments&post=15901"}],"version-history":[{"count":0,"href":"https:\/\/agromt.news\/index.php?rest_route=\/wp\/v2\/posts\/15901\/revisions"}],"wp:featuredmedia":[{"embeddable":true,"href":"https:\/\/agromt.news\/index.php?rest_route=\/wp\/v2\/media\/15902"}],"wp:attachment":[{"href":"https:\/\/agromt.news\/index.php?rest_route=%2Fwp%2Fv2%2Fmedia&parent=15901"}],"wp:term":[{"taxonomy":"category","embeddable":true,"href":"https:\/\/agromt.news\/index.php?rest_route=%2Fwp%2Fv2%2Fcategories&post=15901"},{"taxonomy":"post_tag","embeddable":true,"href":"https:\/\/agromt.news\/index.php?rest_route=%2Fwp%2Fv2%2Ftags&post=15901"}],"curies":[{"name":"wp","href":"https:\/\/api.w.org\/{rel}","templated":true}]}}