{"id":15899,"date":"2025-06-30T17:08:16","date_gmt":"2025-06-30T21:08:16","guid":{"rendered":"https:\/\/agromt.news\/?p=15899"},"modified":"2025-06-30T17:08:16","modified_gmt":"2025-06-30T21:08:16","slug":"plano-safra-da-agricultura-familiar-esta-longe-de-ser-perfeito-diz-lula","status":"publish","type":"post","link":"https:\/\/agromt.news\/?p=15899","title":{"rendered":"Plano Safra da Agricultura Familiar &#8216;est\u00e1 longe de ser perfeito&#8217;, diz Lula"},"content":{"rendered":"<p> <br \/>\n<br \/><img decoding=\"async\" src=\"https:\/\/agromt.news\/wp-content\/uploads\/2025\/06\/Plano-Safra-da-Agricultura-Familiar-esta-longe-de-ser-perfeito.jpg\" \/><\/p>\n<div>\n<p>O presidente Luiz In\u00e1cio <strong><a href=\"http:\/\/www.canalrural.com.br\/tag\/lula\/\">Lula <\/a><\/strong>da Silva disse nesta segunda-feira (30) que o Plano Safra 2025\/2026 voltado \u00e0 agricultura familiar \u201cest\u00e1 longe de ser o plano perfeito\u201d, mas faz parte de um processo cont\u00ednuo de reivindica\u00e7\u00e3o dos pequenos agricultores junto ao poder p\u00fablico para garantir melhores condi\u00e7\u00f5es de cr\u00e9dito. <\/p>\n<p>\u201cEsse plano \u00e9 muito bom, mas est\u00e1 longe de ser o plano perfeito que buscamos. Tenho certeza de que no ano que vem voc\u00eas (Fernando Haddad e Paulo Teixeira) v\u00e3o vir com muito mais novidade\u201d, disse o presidente ao encerrar seu discurso na cerim\u00f4nia de lan\u00e7amento do Plano Safra 2025\/2026 voltado \u00e0 agricultura familiar. <\/p>\n<p>O presidente valorizou o processo de reivindica\u00e7\u00e3o dos agricultores junto ao Minist\u00e9rio do Desenvolvimento Agr\u00e1rio e ao Minist\u00e9rio da Fazenda. Disse que \u201ctudo que \u00e9 reivindicado acontece mais cedo ou mais tarde\u201d. <\/p>\n<p>\u201cTudo que \u00e9 reivindicado acontece, mais cedo ou mais tarde, porque somos o resultado do aumento do grau de consci\u00eancia pol\u00edtica da sociedade brasileira. A cada conquista, a sociedade vai aprendendo que novas conquistas s\u00e3o poss\u00edveis, vai aprendendo a reivindicar mais. N\u00e3o temos que reclamar disso, temos de saber que elas s\u00e3o novas descobertas das pessoas\u201d, declarou. <\/p>\n<\/div>\n<div>\n<p>Lula disse que o Plano Safra voltado \u00e0 agricultura familiar \u201c\u00e9 o resultado daquilo que voc\u00eas adquiriram de consci\u00eancia nesse per\u00edodo todo\u201d e disse que os agricultores \u201caprenderam como \u00e9 lidar com governo democr\u00e1tico e com governo que n\u00e3o \u00e9 democr\u00e1tico\u201d, em uma men\u00e7\u00e3o impl\u00edcita \u00e0 gest\u00e3o do ex-presidente Jair Bolsonaro, que o petista sempre chama de antidemocr\u00e1tico. <\/p>\n<p>O presidente defendeu que os agricultores precisam de \u201cm\u00e1quinas do tamanho deles para aumentar a produtividade\u201d. Segundo ele, o atual Plano Safra chegar\u00e1 a \u201c100% do territ\u00f3rio nacional\u201d e ser\u00e1 levado \u201c\u00e0queles que mais precisam\u201d. <\/p>\n<p>Lula discursou para uma plateia de integrantes de movimentos sociais, apoiadores do PT e representantes de pequenos agricultores. Disse a eles que eles s\u00e3o \u201ca mola propulsora do crescimento\u201d e que tem \u201ctentado convencer os empres\u00e1rios de que \u00e9 muito importante que eles tor\u00e7am para que os mais pobres cres\u00e7am\u201d. <\/p>\n<p>\u201cQuando eles crescerem, v\u00e3o ser mais consumidores, mais comida, mais roupa, v\u00e3o viajar. Quando os pobres melhoram, o pa\u00eds melhora\u201d, argumentou o presidente.<\/p>\n<\/p><\/div>\n<p><br \/>\n<br \/><a href=\"https:\/\/www.canalrural.com.br\/agricultura\/plano-safra-da-agricultura-familiar-esta-longe-de-ser-perfeito-diz-lula\/\">Source link <\/a><\/p>\n","protected":false},"excerpt":{"rendered":"<p>O presidente Luiz In\u00e1cio Lula da Silva disse nesta segunda-feira (30) que o Plano Safra 2025\/2026 voltado \u00e0 agricultura familiar<\/p>\n","protected":false},"author":1,"featured_media":15900,"comment_status":"open","ping_status":"open","sticky":false,"template":"","format":"standard","meta":{"_monsterinsights_skip_tracking":false,"_monsterinsights_sitenote_active":false,"_monsterinsights_sitenote_note":"","_monsterinsights_sitenote_category":0,"_uf_show_specific_survey":0,"_uf_disable_surveys":false,"footnotes":""},"categories":[1],"tags":[],"class_list":["post-15899","post","type-post","status-publish","format-standard","has-post-thumbnail","hentry","category-news"],"_links":{"self":[{"href":"https:\/\/agromt.news\/index.php?rest_route=\/wp\/v2\/posts\/15899"}],"collection":[{"href":"https:\/\/agromt.news\/index.php?rest_route=\/wp\/v2\/posts"}],"about":[{"href":"https:\/\/agromt.news\/index.php?rest_route=\/wp\/v2\/types\/post"}],"author":[{"embeddable":true,"href":"https:\/\/agromt.news\/index.php?rest_route=\/wp\/v2\/users\/1"}],"replies":[{"embeddable":true,"href":"https:\/\/agromt.news\/index.php?rest_route=%2Fwp%2Fv2%2Fcomments&post=15899"}],"version-history":[{"count":0,"href":"https:\/\/agromt.news\/index.php?rest_route=\/wp\/v2\/posts\/15899\/revisions"}],"wp:featuredmedia":[{"embeddable":true,"href":"https:\/\/agromt.news\/index.php?rest_route=\/wp\/v2\/media\/15900"}],"wp:attachment":[{"href":"https:\/\/agromt.news\/index.php?rest_route=%2Fwp%2Fv2%2Fmedia&parent=15899"}],"wp:term":[{"taxonomy":"category","embeddable":true,"href":"https:\/\/agromt.news\/index.php?rest_route=%2Fwp%2Fv2%2Fcategories&post=15899"},{"taxonomy":"post_tag","embeddable":true,"href":"https:\/\/agromt.news\/index.php?rest_route=%2Fwp%2Fv2%2Ftags&post=15899"}],"curies":[{"name":"wp","href":"https:\/\/api.w.org\/{rel}","templated":true}]}}