{"id":15897,"date":"2025-06-30T16:53:47","date_gmt":"2025-06-30T20:53:47","guid":{"rendered":"https:\/\/agromt.news\/?p=15897"},"modified":"2025-06-30T16:53:47","modified_gmt":"2025-06-30T20:53:47","slug":"pode-nevar-no-brasil-sim-e-o-campo-sente-os-efeitos","status":"publish","type":"post","link":"https:\/\/agromt.news\/?p=15897","title":{"rendered":"Pode nevar no Brasil, sim! E o campo sente os efeitos"},"content":{"rendered":"<p> <br \/>\n<br \/><img decoding=\"async\" src=\"https:\/\/agromt.news\/wp-content\/uploads\/2025\/06\/Pode-nevar-no-Brasil-sim-E-o-campo-sente-os.jpg\" \/><\/p>\n<div>\n<p>Quando pensamos em neve, \u00e9 comum imaginar cen\u00e1rios europeus ou montanhas da Am\u00e9rica do Norte. Mas o que muita gente esquece \u00e9 que <strong>tamb\u00e9m neva no Brasil<\/strong> \u2014 especialmente nas regi\u00f5es mais altas do Sul do pa\u00eds. <\/p>\n<p>Embora rara e localizada, a neve \u00e9 um fen\u00f4meno atmosf\u00e9rico que <strong>impacta diretamente a produ\u00e7\u00e3o rural<\/strong>, mesmo em epis\u00f3dios pontuais.<\/p>\n<h2 class=\"wp-block-heading\" id=\"h-onde-e-quando-costuma-nevar-no-brasil\"><strong>Onde e quando costuma nevar no Brasil?<\/strong><\/h2>\n<p>As <strong>Serras Ga\u00facha e Catarinense<\/strong> s\u00e3o as campe\u00e3s em registros de neve. Cidades como <strong>S\u00e3o Joaquim (SC), Urupema (SC), Bom Jardim da Serra (SC), Gramado (RS) e Cambar\u00e1 do Sul (RS)<\/strong> j\u00e1 vivenciaram diversos epis\u00f3dios de precipita\u00e7\u00e3o de neve, geralmente entre <strong>junho e agosto<\/strong>, nos dias mais frios do inverno.<\/p>\n<p>A condi\u00e7\u00e3o ideal para que neve ocorra envolve:<\/p>\n<ul class=\"wp-block-list\">\n<li>Temperatura entre o solo e a base da nuvem pr\u00f3xima ou abaixo de 0\u00baC<\/li>\n<li>Instabilidade para gera\u00e7\u00e3o de nuvens de precipita\u00e7\u00e3o<\/li>\n<\/ul>\n<h2 class=\"wp-block-heading\" id=\"h-qual-foi-o-recorde-de-frio-no-brasil\"><strong>Qual foi o recorde de frio no Brasil?<\/strong><\/h2>\n<p>O <strong>recorde oficial de temperatura m\u00ednima no pa\u00eds<\/strong> \u00e9 de <strong>-17,8\u202f\u00b0C<\/strong>, registrado em <strong>Ca\u00e7ador (SC), em 11 de junho de 1952<\/strong>. <\/p>\n<p>Isso porque a esta\u00e7\u00e3o meteorol\u00f3gica no morro da igreja parou de funcionar na \u00e9poca, porque tranquilamente nesse dia o term\u00f4metro iria registrar algo no entorno de -22\/-23\u00baC . <\/p>\n<p>Ainda que eventos assim sejam raros, eles comprovam que o frio extremo pode sim atingir o territ\u00f3rio brasileiro com for\u00e7a.\u00a0<\/p>\n<\/div>\n<div>\n<h2 class=\"wp-block-heading\" id=\"h-impacto-da-neve-e-do-frio-extremo-no-agronegocio\"><strong>Impacto da neve e do frio extremo no agroneg\u00f3cio<\/strong><\/h2>\n<p>A chegada de massa de ar de origem polar atrav\u00e9s das frentes frias intensas e epis\u00f3dios de neve ou geada afetam diretamente o dia a dia no campo:<\/p>\n<ul class=\"wp-block-list\">\n<li><strong>Danos em culturas sens\u00edveis ao frio<\/strong>, como caf\u00e9, milho, hortali\u00e7as e frut\u00edferas tropicais;<\/li>\n<li><strong>Atraso ou paralisa\u00e7\u00e3o da colheita<\/strong>, especialmente em culturas que exigem condi\u00e7\u00f5es secas;<\/li>\n<li><strong>Estresse t\u00e9rmico em animais<\/strong>, especialmente aves, su\u00ednos e bovinos de leite, que demandam aten\u00e7\u00e3o extra com aquecimento e nutri\u00e7\u00e3o;<\/li>\n<li><strong>Aumento no custo de produ\u00e7\u00e3o<\/strong>, com uso de estufas, prote\u00e7\u00f5es t\u00e9rmicas e suplementa\u00e7\u00e3o alimentar.<\/li>\n<\/ul>\n<p><strong>Curiosidade: a neve pode beneficiar algumas culturas<\/strong><\/p>\n<p>Apesar dos desafios, a neve e o frio intenso tamb\u00e9m t\u00eam <strong>efeitos positivos para culturas de clima temperado<\/strong>, como ma\u00e7\u00e3 e uva, que precisam de um n\u00famero m\u00ednimo de horas de frio para completar seu ciclo de desenvolvimento. Tamb\u00e9m ajuda alguns cultivos a manterem o per\u00edodo de dorm\u00eancia para evitar uma florada precoce antes da primavera.<\/p>\n<h2 class=\"wp-block-heading\" id=\"h-monitoramento-e-essencial\"><strong>Monitoramento \u00e9 essencial<\/strong><\/h2>\n<p>Produtores das regi\u00f5es de risco devem acompanhar <strong>boletins meteorol\u00f3gicos com anteced\u00eancia<\/strong>, para adaptar o manejo de acordo com a previs\u00e3o. Prote\u00e7\u00f5es contra geada, estufas, t\u00e9cnicas de irriga\u00e7\u00e3o anti-geada e suplementa\u00e7\u00e3o alimentar s\u00e3o algumas das estrat\u00e9gias mais utilizadas.<\/p>\n<p>No Canal Rural, voc\u00ea acompanha as previs\u00f5es do nosso meteorologista <strong>Arthur Muller<\/strong>, que traz informa\u00e7\u00f5es pr\u00e1ticas e confi\u00e1veis para que o frio n\u00e3o pegue o produtor de surpresa.<\/p>\n<h2 class=\"wp-block-heading\" id=\"h-nevar-no-brasil-e-possivel\"><strong>Nevar no Brasil \u00e9 poss\u00edvel<\/strong><\/h2>\n<p>Sim, <strong>nevar no Brasil \u00e9 poss\u00edvel<\/strong> \u2014 e acontece com mais frequ\u00eancia do que se imagina, especialmente em anos com avan\u00e7o de massas polares intensas. Por isso, <strong>estar bem informado e se antecipar ao clima<\/strong> faz toda a diferen\u00e7a para quem vive do campo.<\/p>\n<p>Pensando nisso, o Canal Rural, junto com o Meteorologista Arthur Muller, desenvolveram o E-book Clima Campo. Esse E-book tem o objetivo de prevenir o produtor rural sobre os fen\u00f4menos meteorol\u00f3gicos, <a href=\"https:\/\/climacampo.canalrural.com.br\/climacampo_-01?utm_campaign=sua_colheita_depende_do_clima&amp;utm_medium=email&amp;utm_source=RD+Station\">garanta o seu<\/a>.<\/p>\n<\/p><\/div>\n<p><br \/>\n<br \/><a href=\"https:\/\/www.canalrural.com.br\/diversos\/pode-nevar-no-brasil-sim-e-o-campo-sente-os-efeitos\/\">Source link <\/a><\/p>\n","protected":false},"excerpt":{"rendered":"<p>Quando pensamos em neve, \u00e9 comum imaginar cen\u00e1rios europeus ou montanhas da Am\u00e9rica do Norte. Mas o que muita gente<\/p>\n","protected":false},"author":1,"featured_media":15898,"comment_status":"open","ping_status":"open","sticky":false,"template":"","format":"standard","meta":{"_monsterinsights_skip_tracking":false,"_monsterinsights_sitenote_active":false,"_monsterinsights_sitenote_note":"","_monsterinsights_sitenote_category":0,"_uf_show_specific_survey":0,"_uf_disable_surveys":false,"footnotes":""},"categories":[1],"tags":[],"class_list":["post-15897","post","type-post","status-publish","format-standard","has-post-thumbnail","hentry","category-news"],"_links":{"self":[{"href":"https:\/\/agromt.news\/index.php?rest_route=\/wp\/v2\/posts\/15897"}],"collection":[{"href":"https:\/\/agromt.news\/index.php?rest_route=\/wp\/v2\/posts"}],"about":[{"href":"https:\/\/agromt.news\/index.php?rest_route=\/wp\/v2\/types\/post"}],"author":[{"embeddable":true,"href":"https:\/\/agromt.news\/index.php?rest_route=\/wp\/v2\/users\/1"}],"replies":[{"embeddable":true,"href":"https:\/\/agromt.news\/index.php?rest_route=%2Fwp%2Fv2%2Fcomments&post=15897"}],"version-history":[{"count":0,"href":"https:\/\/agromt.news\/index.php?rest_route=\/wp\/v2\/posts\/15897\/revisions"}],"wp:featuredmedia":[{"embeddable":true,"href":"https:\/\/agromt.news\/index.php?rest_route=\/wp\/v2\/media\/15898"}],"wp:attachment":[{"href":"https:\/\/agromt.news\/index.php?rest_route=%2Fwp%2Fv2%2Fmedia&parent=15897"}],"wp:term":[{"taxonomy":"category","embeddable":true,"href":"https:\/\/agromt.news\/index.php?rest_route=%2Fwp%2Fv2%2Fcategories&post=15897"},{"taxonomy":"post_tag","embeddable":true,"href":"https:\/\/agromt.news\/index.php?rest_route=%2Fwp%2Fv2%2Ftags&post=15897"}],"curies":[{"name":"wp","href":"https:\/\/api.w.org\/{rel}","templated":true}]}}