{"id":15894,"date":"2025-06-30T16:38:00","date_gmt":"2025-06-30T20:38:00","guid":{"rendered":"https:\/\/agromt.news\/?p=15894"},"modified":"2025-06-30T16:38:00","modified_gmt":"2025-06-30T20:38:00","slug":"assinado-decreto-que-institui-programa-nacional-para-reducao-de-uso-de-defensivos","status":"publish","type":"post","link":"https:\/\/agromt.news\/?p=15894","title":{"rendered":"Assinado decreto que institui programa nacional para redu\u00e7\u00e3o de uso de defensivos"},"content":{"rendered":"<p> <br \/>\n<br \/><img decoding=\"async\" src=\"https:\/\/agromt.news\/wp-content\/uploads\/2025\/03\/Nanotecnologia-promete-combater-mosca-branca-no-tomateiro-e-reduzir-90-das.png\" \/><\/p>\n<div>\n<p>O presidente da Rep\u00fablica, Luiz In\u00e1cio Lula da Silva, assinou nesta segunda-feira (30) o decreto que institui o Programa Nacional de Redu\u00e7\u00e3o de Agrot\u00f3xicos<strong><a href=\"http:\/\/www.canalrural.com.br\/tag\/pronara\/\"> (Pronara)<\/a><\/strong>. O Pronara foi elaborado ainda na gest\u00e3o da ex-presidente Dilma Rousseff, mas o decreto de lan\u00e7amento do programa n\u00e3o havia sido assinado at\u00e9 esta segunda-feira. <\/p>\n<p>O tema foi alvo de diverg\u00eancias entre o Minist\u00e9rio de Desenvolvimento Agr\u00e1rio (MDA) e o Minist\u00e9rio da Agricultura ao longo do \u00faltimo ano e foi levado at\u00e9 o presidente Lula para a solu\u00e7\u00e3o do impasse. <\/p>\n<p>O Pronara est\u00e1 previsto como parte do terceiro Plano Nacional de Agroecologia e Produ\u00e7\u00e3o Org\u00e2nica (Planapo), pol\u00edtica p\u00fablica de transi\u00e7\u00e3o ecol\u00f3gica, anunciada em outubro do ano passado, que disp\u00f5e sobre iniciativas voltadas para pesquisa e inova\u00e7\u00e3o, incentivo \u00e0s compras p\u00fablicas e inclus\u00e3o de mulheres, jovens, ind\u00edgenas e quilombolas na agricultura familiar. <\/p>\n<\/div>\n<div>\n<p>O programa prev\u00ea a\u00e7\u00f5es integradas de pesquisa cient\u00edfica, monitoramento de res\u00edduos de defensivos em alimentos e no ambiente, fortalecimento da Assist\u00eancia T\u00e9cnica e Extens\u00e3o Rural (Ater) e amplia\u00e7\u00e3o do uso de bioinsumos. As iniciativas visam a reduzir progressivamente o uso de defensivos e insumos qu\u00edmicos e ampliar a \u201cprodu\u00e7\u00e3o sustent\u00e1vel de alimentos saud\u00e1veis pela agricultura familiar\u201d. <\/p>\n<p>O MDA afirma que h\u00e1 \u201curg\u00eancia da implementa\u00e7\u00e3o de pol\u00edticas p\u00fablicas estruturantes voltadas \u00e0 transi\u00e7\u00e3o para modelos agroecol\u00f3gicos de produ\u00e7\u00e3o de alimentos\u201d e que h\u00e1 uso excessivo de defensivos no pa\u00eds. <\/p>\n<p>O Planalto informou que o programa conta com iniciativas da Secretaria-Geral da Presid\u00eancia da Rep\u00fablica, dos minist\u00e9rios do Desenvolvimento Agr\u00e1rio e Agricultura Familiar (MDA), do Agricultura e Pecu\u00e1ria, da Sa\u00fade, do Meio Ambiente e Mudan\u00e7a do Clima (MMA) e do Desenvolvimento e Assist\u00eancia Social, Fam\u00edlia e Combate \u00e0 Fome (MDS). <\/p>\n<p>O Pronara ser\u00e1 coordenado pela Secretaria-Geral da Presid\u00eancia da Rep\u00fablica.<\/p>\n<\/p><\/div>\n<p><br \/>\n<br \/><a href=\"https:\/\/www.canalrural.com.br\/agricultura\/assinado-decreto-que-institui-programa-nacional-para-reducao-de-uso-de-defensivos\/\">Source link <\/a><\/p>\n","protected":false},"excerpt":{"rendered":"<p>O presidente da Rep\u00fablica, Luiz In\u00e1cio Lula da Silva, assinou nesta segunda-feira (30) o decreto que institui o Programa Nacional<\/p>\n","protected":false},"author":1,"featured_media":15895,"comment_status":"open","ping_status":"open","sticky":false,"template":"","format":"standard","meta":{"_monsterinsights_skip_tracking":false,"_monsterinsights_sitenote_active":false,"_monsterinsights_sitenote_note":"","_monsterinsights_sitenote_category":0,"_uf_show_specific_survey":0,"_uf_disable_surveys":false,"footnotes":""},"categories":[1],"tags":[],"class_list":["post-15894","post","type-post","status-publish","format-standard","has-post-thumbnail","hentry","category-news"],"_links":{"self":[{"href":"https:\/\/agromt.news\/index.php?rest_route=\/wp\/v2\/posts\/15894"}],"collection":[{"href":"https:\/\/agromt.news\/index.php?rest_route=\/wp\/v2\/posts"}],"about":[{"href":"https:\/\/agromt.news\/index.php?rest_route=\/wp\/v2\/types\/post"}],"author":[{"embeddable":true,"href":"https:\/\/agromt.news\/index.php?rest_route=\/wp\/v2\/users\/1"}],"replies":[{"embeddable":true,"href":"https:\/\/agromt.news\/index.php?rest_route=%2Fwp%2Fv2%2Fcomments&post=15894"}],"version-history":[{"count":0,"href":"https:\/\/agromt.news\/index.php?rest_route=\/wp\/v2\/posts\/15894\/revisions"}],"wp:featuredmedia":[{"embeddable":true,"href":"https:\/\/agromt.news\/index.php?rest_route=\/wp\/v2\/media\/15895"}],"wp:attachment":[{"href":"https:\/\/agromt.news\/index.php?rest_route=%2Fwp%2Fv2%2Fmedia&parent=15894"}],"wp:term":[{"taxonomy":"category","embeddable":true,"href":"https:\/\/agromt.news\/index.php?rest_route=%2Fwp%2Fv2%2Fcategories&post=15894"},{"taxonomy":"post_tag","embeddable":true,"href":"https:\/\/agromt.news\/index.php?rest_route=%2Fwp%2Fv2%2Ftags&post=15894"}],"curies":[{"name":"wp","href":"https:\/\/api.w.org\/{rel}","templated":true}]}}