{"id":15890,"date":"2025-06-30T16:08:58","date_gmt":"2025-06-30T20:08:58","guid":{"rendered":"https:\/\/agromt.news\/?p=15890"},"modified":"2025-06-30T16:08:58","modified_gmt":"2025-06-30T20:08:58","slug":"carne-sustentavel-no-brasil","status":"publish","type":"post","link":"https:\/\/agromt.news\/?p=15890","title":{"rendered":"Carne sustent\u00e1vel no Brasil"},"content":{"rendered":"<p> <br \/>\n<\/p>\n<div>\n<p>A produ\u00e7\u00e3o de carne sustent\u00e1vel no Brasil tem ganhado cada vez mais espa\u00e7o entre consumidores conscientes, investidores e mercados exigentes. Com foco em pr\u00e1ticas \u00e9ticas, responsabilidade ambiental e social, produtores brasileiros est\u00e3o apostando na transforma\u00e7\u00e3o do modelo pecu\u00e1rio tradicional para um modelo mais integrado, tecnol\u00f3gico e de valor agregado.<\/p>\n<h2 class=\"wp-block-heading\" id=\"h-carne-sustentavel-praticas-que-agregam-valor-e-ampliam-mercados\">Carne sustent\u00e1vel: pr\u00e1ticas que agregam valor e ampliam mercados<\/h2>\n<p>A carne sustent\u00e1vel brasileira se baseia em tr\u00eas pilares fundamentais: respeito ambiental, responsabilidade social e cuidado trabalhista. Esses elementos, quando alinhados a processos produtivos rigorosos, garantem um produto com valor diferenciado \u2014 cada vez mais valorizado dentro e fora do pa\u00eds.<\/p>\n<p>Entre as pr\u00e1ticas adotadas por empresas, destacam-se:<\/p>\n<ul class=\"wp-block-list\">\n<li><strong>Manejo sem viol\u00eancia<\/strong>: est\u00edmulos positivos como m\u00fasica, brinquedos e aus\u00eancia de instrumentos agressivos.<\/li>\n<li><strong>Abate insensibilizado<\/strong>: respeitando o bem-estar at\u00e9 o \u00faltimo momento de vida do animal.<\/li>\n<li><strong>Nutri\u00e7\u00e3o personalizada<\/strong>: com dietas balanceadas para garantir qualidade e reduzir emiss\u00e3o de gases.<\/li>\n<li><strong>Aproveitamento total da carca\u00e7a<\/strong>: cortes nobres, subprodutos como caldo de osso, bacon bovino e manteiga de banha.<\/li>\n<li><strong>Certifica\u00e7\u00f5es ambientais<\/strong>: cumprimento de mais de 130 crit\u00e9rios da Rainforest Alliance.<\/li>\n<\/ul>\n<blockquote class=\"wp-block-quote is-layout-flow wp-block-quote-is-layout-flow\">\n<p>\u201c\u00c9 poss\u00edvel unir sustentabilidade \u00e0 produ\u00e7\u00e3o de carne em larga escala. O segredo est\u00e1 na gest\u00e3o e na consci\u00eancia produtiva\u201d, afirma Am\u00e1lia Sechis, empres\u00e1ria do setor.<\/p>\n<\/blockquote>\n<p>Um dos grandes desafios da pecu\u00e1ria nacional \u00e9 sair do modelo baseado em volume e pre\u00e7o e migrar para uma proposta de <strong>valor agregado<\/strong>. A carne sustent\u00e1vel representa exatamente essa transi\u00e7\u00e3o: menos quantidade, mais qualidade, rastreabilidade e conex\u00e3o com o consumidor.<\/p>\n<p>Essa mudan\u00e7a exige uma nova postura n\u00e3o s\u00f3 dos produtores, mas tamb\u00e9m do consumidor, que precisa compreender os diferenciais do produto sustent\u00e1vel para valorizar esse modelo produtivo.<\/p>\n<\/div>\n<div>\n<h3 class=\"wp-block-heading\" id=\"h-desafios-e-oportunidades-da-carne-sustentavel-no-brasil\">Desafios e oportunidades da carne sustent\u00e1vel no Brasil:<\/h3>\n<ol class=\"wp-block-list\">\n<li><strong>Baixa escala atual da produ\u00e7\u00e3o sustent\u00e1vel<\/strong><\/li>\n<li><strong>Custo elevado comparado ao modelo convencional<\/strong><\/li>\n<li><strong>Desinforma\u00e7\u00e3o do consumidor sobre pr\u00e1ticas produtivas<\/strong><\/li>\n<li><strong>Necessidade de melhorar a comunica\u00e7\u00e3o setorial<\/strong><\/li>\n<li><strong>Falta de pol\u00edticas p\u00fablicas espec\u00edficas para incentivo<\/strong><\/li>\n<\/ol>\n<blockquote class=\"wp-block-quote is-layout-flow wp-block-quote-is-layout-flow\">\n<p>\u201cO consumidor precisa entender por que esse produto tem um valor diferente. E isso s\u00f3 \u00e9 poss\u00edvel com comunica\u00e7\u00e3o eficiente\u201d, destaca Am\u00e1lia.<\/p>\n<\/blockquote>\n<p>A tend\u00eancia de valoriza\u00e7\u00e3o da carne sustent\u00e1vel \u00e9 ainda mais acentuada no <strong>mercado externo<\/strong>, que tem procurado cada vez mais produtos com rastreabilidade, bem-estar animal e pr\u00e1ticas alinhadas a crit\u00e9rios ambientais internacionais. Segundo Am\u00e1lia, esse nicho tende a crescer exponencialmente com a conscientiza\u00e7\u00e3o global e o avan\u00e7o da agenda ESG no agroneg\u00f3cio.<\/p>\n<h2 class=\"wp-block-heading\" id=\"h-cop-30-uma-vitrine-para-o-brasil-mostrar-sua-carne-de-baixo-impacto\">COP 30: uma vitrine para o Brasil mostrar sua carne de baixo impacto<\/h2>\n<p>Com a proximidade da COP 30, confer\u00eancia clim\u00e1tica da ONU que ser\u00e1 sediada no Brasil, os holofotes est\u00e3o voltados para o papel do pa\u00eds na produ\u00e7\u00e3o de alimentos com baixa emiss\u00e3o e responsabilidade ambiental. A carne sustent\u00e1vel \u00e9 uma das grandes apostas para mostrar ao mundo que \u00e9 poss\u00edvel aliar produtividade, escala e respeito \u00e0 natureza.<\/p>\n<p>Empresas que aplicam boas pr\u00e1ticas j\u00e1 est\u00e3o colhendo os frutos: valoriza\u00e7\u00e3o da marca, abertura para novos mercados, parcerias internacionais e maior competitividade no varejo interno. Por\u00e9m, para consolidar esse novo ciclo, o setor precisa de <strong>uni\u00e3o entre os produtores<\/strong>, investimentos em <strong>tecnologia e certifica\u00e7\u00f5es<\/strong> e maior foco em <strong>comunica\u00e7\u00e3o transparente<\/strong> com o consumidor final.<\/p>\n<figure class=\"wp-block-image size-full\"><img fetchpriority=\"high\" decoding=\"async\" width=\"685\" height=\"701\" src=\"https:\/\/agromt.news\/wp-content\/uploads\/2025\/06\/Carne-sustentavel-no-Brasil.jpg\" alt=\"\" class=\"wp-image-4107100\"  \/><figcaption class=\"wp-element-caption\">Am\u00e1lia \u00e9 bacharel em Direito pela FAAP, mas encontrou sua verdadeira voca\u00e7\u00e3o no agroneg\u00f3cio. Mesmo sem forma\u00e7\u00e3o t\u00e9cnica no setor, ela se aprofundou no tema e hoje lidera uma marca de refer\u00eancia em carne sustent\u00e1vel.<\/figcaption><\/figure>\n<h2 class=\"wp-block-heading\" id=\"h-protagonismo-feminino-no-setor\">Protagonismo feminino no setor<\/h2>\n<p>Um exemplo inspirador dessa transforma\u00e7\u00e3o no setor \u00e9 a trajet\u00f3ria de Am\u00e1lia Sechis, que saiu do vegetarianismo para liderar uma marca de carne sustent\u00e1vel no Brasil. Em entrevista ao site <em><a href=\"https:\/\/aprotagonista.canalrural.com.br\/\" target=\"_blank\" rel=\"noreferrer noopener\">A Protagonista<\/a><\/em>, Am\u00e1lia detalha como uniu bem-estar animal, manejo respons\u00e1vel e pr\u00e1ticas socioambientais para criar um produto de alto valor agregado. A hist\u00f3ria completa pode ser conferida <a href=\"https:\/\/aprotagonista.canalrural.com.br\/pecuaria\/carne-sustentavel-amalia-sechis\/\" target=\"_blank\" rel=\"noreferrer noopener\">neste link<\/a>.<\/p>\n<\/p><\/div>\n<p><br \/>\n<br \/><a href=\"https:\/\/www.canalrural.com.br\/entretenimento\/carnes-cortes-e-sabores\/carne-sustentavel-ganha-forca-no-brasil-e-se-torna-diferencial-competitivo-no-mercado-interno-e-externo\/\">Source link <\/a><\/p>\n","protected":false},"excerpt":{"rendered":"<p>A produ\u00e7\u00e3o de carne sustent\u00e1vel no Brasil tem ganhado cada vez mais espa\u00e7o entre consumidores conscientes, investidores e mercados exigentes.<\/p>\n","protected":false},"author":1,"featured_media":15891,"comment_status":"open","ping_status":"open","sticky":false,"template":"","format":"standard","meta":{"_monsterinsights_skip_tracking":false,"_monsterinsights_sitenote_active":false,"_monsterinsights_sitenote_note":"","_monsterinsights_sitenote_category":0,"_uf_show_specific_survey":0,"_uf_disable_surveys":false,"footnotes":""},"categories":[1],"tags":[],"class_list":["post-15890","post","type-post","status-publish","format-standard","has-post-thumbnail","hentry","category-news"],"_links":{"self":[{"href":"https:\/\/agromt.news\/index.php?rest_route=\/wp\/v2\/posts\/15890"}],"collection":[{"href":"https:\/\/agromt.news\/index.php?rest_route=\/wp\/v2\/posts"}],"about":[{"href":"https:\/\/agromt.news\/index.php?rest_route=\/wp\/v2\/types\/post"}],"author":[{"embeddable":true,"href":"https:\/\/agromt.news\/index.php?rest_route=\/wp\/v2\/users\/1"}],"replies":[{"embeddable":true,"href":"https:\/\/agromt.news\/index.php?rest_route=%2Fwp%2Fv2%2Fcomments&post=15890"}],"version-history":[{"count":0,"href":"https:\/\/agromt.news\/index.php?rest_route=\/wp\/v2\/posts\/15890\/revisions"}],"wp:featuredmedia":[{"embeddable":true,"href":"https:\/\/agromt.news\/index.php?rest_route=\/wp\/v2\/media\/15891"}],"wp:attachment":[{"href":"https:\/\/agromt.news\/index.php?rest_route=%2Fwp%2Fv2%2Fmedia&parent=15890"}],"wp:term":[{"taxonomy":"category","embeddable":true,"href":"https:\/\/agromt.news\/index.php?rest_route=%2Fwp%2Fv2%2Fcategories&post=15890"},{"taxonomy":"post_tag","embeddable":true,"href":"https:\/\/agromt.news\/index.php?rest_route=%2Fwp%2Fv2%2Ftags&post=15890"}],"curies":[{"name":"wp","href":"https:\/\/api.w.org\/{rel}","templated":true}]}}