{"id":15888,"date":"2025-06-30T15:51:11","date_gmt":"2025-06-30T19:51:11","guid":{"rendered":"https:\/\/agromt.news\/?p=15888"},"modified":"2025-06-30T15:51:11","modified_gmt":"2025-06-30T19:51:11","slug":"aumento-de-recursos-para-agricultura-familiar-e-de-quase-50-com-lula-diz-ministro","status":"publish","type":"post","link":"https:\/\/agromt.news\/?p=15888","title":{"rendered":"aumento de recursos para agricultura familiar \u00e9 de quase 50% com Lula, diz ministro"},"content":{"rendered":"<p> <br \/>\n<br \/><img decoding=\"async\" src=\"https:\/\/agromt.news\/wp-content\/uploads\/2025\/06\/aumento-de-recursos-para-agricultura-familiar-e-de-quase-50.webp.webp\" \/><\/p>\n<div>\n<p>O ministro do <strong><a href=\"http:\/\/www.canalrural.com.br\/tag\/mda\/\">Desenvolvimento Agr\u00e1rio<\/a><\/strong>, Paulo Teixeira, afirmou nesta segunda-feira (30) que os recursos para a agricultura familiar aumentaram em quase 50% no governo do presidente da Rep\u00fablica, Luiz In\u00e1cio Lula da SIlva. Segundo ele, o Plano Safra 2025\/2026, anunciado nesta segunda-feira, \u00e9 um recorde na agricultura familiar, o terceiro seguido da gest\u00e3o petista.<\/p>\n<p>\u201cO aumento do presidente Lula, de valores para o Plano Safra da Agricultura Familiar, \u00e9 de quase 50%. Era em 2022 e 2023 (de) R$ 53 bilh\u00f5es, hoje s\u00e3o R$ 78 bilh\u00f5es, mostrando que voc\u00eas t\u00eam um presidente da Agricultura Familiar\u201d, disse Teixeira. <\/p>\n<\/div>\n<div>\n<p>O aumento citado por ele foi de 47,5%. O ministro disse que o cadastro de agricultores familiares chegou a 2,9 milh\u00f5es e que 167 mil empr\u00e9stimos foram renegociados por meio do programa Desenrola Rural. Segundo Teixeira, Lula bancou o aumento de recursos e juros negativos para a agricultura familiar, com 3% de juros para alimentos. <\/p>\n<p>Outro an\u00fancio feito por ele \u00e9 que todos os bancos ter\u00e3o microcr\u00e9dito orientado. De acordo com Paulo Teixeira, os financiamentos para a agricultura familiar aumentaram 26%, chegando a 1,7 milh\u00e3o de contratos. Na regi\u00e3o Nordeste, o n\u00famero aumentou 90% e, conforme o ministro, isso fez o Plano Safra da Agricultura Familiar se tornar nacional. <\/p>\n<p>Teixeira tamb\u00e9m mostrou, em um balan\u00e7o no Pal\u00e1cio do Planalto, que houve um aumento de financiamentos de custeio para alimentos b\u00e1sicos e compras de m\u00e1quinas, com crescimento de 73,6% em opera\u00e7\u00f5es.<\/p>\n<\/p><\/div>\n<p><br \/>\n<br \/><a href=\"https:\/\/www.canalrural.com.br\/agricultura\/plano-safra-aumento-de-recursos-para-agricultura-familiar-e-de-quase-50-com-lula-diz-ministro\/\">Source link <\/a><\/p>\n","protected":false},"excerpt":{"rendered":"<p>O ministro do Desenvolvimento Agr\u00e1rio, Paulo Teixeira, afirmou nesta segunda-feira (30) que os recursos para a agricultura familiar aumentaram em<\/p>\n","protected":false},"author":1,"featured_media":15889,"comment_status":"open","ping_status":"open","sticky":false,"template":"","format":"standard","meta":{"_monsterinsights_skip_tracking":false,"_monsterinsights_sitenote_active":false,"_monsterinsights_sitenote_note":"","_monsterinsights_sitenote_category":0,"_uf_show_specific_survey":0,"_uf_disable_surveys":false,"footnotes":""},"categories":[1],"tags":[],"class_list":["post-15888","post","type-post","status-publish","format-standard","has-post-thumbnail","hentry","category-news"],"_links":{"self":[{"href":"https:\/\/agromt.news\/index.php?rest_route=\/wp\/v2\/posts\/15888"}],"collection":[{"href":"https:\/\/agromt.news\/index.php?rest_route=\/wp\/v2\/posts"}],"about":[{"href":"https:\/\/agromt.news\/index.php?rest_route=\/wp\/v2\/types\/post"}],"author":[{"embeddable":true,"href":"https:\/\/agromt.news\/index.php?rest_route=\/wp\/v2\/users\/1"}],"replies":[{"embeddable":true,"href":"https:\/\/agromt.news\/index.php?rest_route=%2Fwp%2Fv2%2Fcomments&post=15888"}],"version-history":[{"count":0,"href":"https:\/\/agromt.news\/index.php?rest_route=\/wp\/v2\/posts\/15888\/revisions"}],"wp:featuredmedia":[{"embeddable":true,"href":"https:\/\/agromt.news\/index.php?rest_route=\/wp\/v2\/media\/15889"}],"wp:attachment":[{"href":"https:\/\/agromt.news\/index.php?rest_route=%2Fwp%2Fv2%2Fmedia&parent=15888"}],"wp:term":[{"taxonomy":"category","embeddable":true,"href":"https:\/\/agromt.news\/index.php?rest_route=%2Fwp%2Fv2%2Fcategories&post=15888"},{"taxonomy":"post_tag","embeddable":true,"href":"https:\/\/agromt.news\/index.php?rest_route=%2Fwp%2Fv2%2Ftags&post=15888"}],"curies":[{"name":"wp","href":"https:\/\/api.w.org\/{rel}","templated":true}]}}