{"id":15878,"date":"2025-06-30T14:09:05","date_gmt":"2025-06-30T18:09:05","guid":{"rendered":"https:\/\/agromt.news\/?p=15878"},"modified":"2025-06-30T14:09:05","modified_gmt":"2025-06-30T18:09:05","slug":"voce-sabe-a-diferenca-entre-tempestade-temporal-e-tempo-severo","status":"publish","type":"post","link":"https:\/\/agromt.news\/?p=15878","title":{"rendered":"Voc\u00ea sabe a diferen\u00e7a entre tempestade, temporal e tempo severo?"},"content":{"rendered":"<p> <br \/>\n<br \/><img decoding=\"async\" src=\"https:\/\/agromt.news\/wp-content\/uploads\/2025\/05\/Chuva-nao-da-tregua-e-previsao-do-tempo-aponta-risco.jpg\" \/><\/p>\n<div>\n<p>O <a href=\"https:\/\/www.canalrural.com.br\/?s=chuva\">c\u00e9u <\/a>escurece, o vento come\u00e7a a soprar mais forte e, de repente, a primeira gota d\u2019\u00e1gua cai sobre a lavoura de soja. Mas o que isso <a href=\"https:\/\/www.canalrural.com.br\/agricultura\/projeto-soja-brasil\/soja-no-brasil-ganha-folego-com-biocombustiveis-mas-enfrenta-pressoes-externas-saiba-mais\/\">significa<\/a>? Estamos diante de uma chuva passageira, de uma tempestade, de um temporal ou de um caso de tempo severo? Entender essa diferen\u00e7a pode ser decisivo para proteger n\u00e3o s\u00f3 o trabalho no campo, mas tamb\u00e9m a pr\u00f3pria vida.<\/p>\n<ul class=\"wp-block-list\">\n<li><strong><em>Fique por dentro das novidades e not\u00edcias recentes sobre a soja! Participe da nossa comunidade atrav\u00e9s do\u00a0<a href=\"https:\/\/chat.whatsapp.com\/BmMRwA0TZ2DHGyhzoaVEWu\">link<\/a><\/em><\/strong>!<\/li>\n<\/ul>\n<p>Quando cai uma chuva intensa acompanhada de ventos e raios, muita gente logo se pergunta: isso foi uma tempestade ou um temporal? Em parte, os dois termos parecem iguais e s\u00e3o usados quase como sin\u00f4nimos no dia a dia. Mas h\u00e1 uma diferen\u00e7a importante: \u201ctemporal\u201d \u00e9 uma express\u00e3o popular, enquanto \u201ctempestade\u201d \u00e9 o termo t\u00e9cnico e oficial adotado pela meteorologia. Ambos indicam um tempo adverso, mas n\u00e3o significam, necessariamente, uma amea\u00e7a grave.<\/p>\n<\/div>\n<div>\n<h2 class=\"wp-block-heading\" id=\"h-tempo-severo\">Tempo severo <\/h2>\n<p>A confus\u00e3o aumenta quando entra na conversa o chamado \u201ctempo severo\u201d. Esse, sim, merece aten\u00e7\u00e3o redobrada. Diferente de uma tempestade comum, o tempo severo traz risco direto \u00e0 vida e pode causar preju\u00edzos expressivos \u00e0s lavouras. Segundo o meteorologista Arthur M\u00fcller, do Canal Rural, para um evento ser classificado dessa forma, ele precisa cumprir alguns crit\u00e9rios espec\u00edficos. Entre eles, est\u00e3o rajadas de vento acima de 93 km\/h, granizo com pedras maiores que uma polegada, alagamentos, enchentes e, em casos mais extremos, tornados ou microexplos\u00f5es.<\/p>\n<p>Nem toda tempestade chega a esse n\u00edvel de intensidade. Ainda assim, fen\u00f4menos considerados moderados, como granizo de menor porte, j\u00e1 s\u00e3o suficientes para causar estragos em \u00e1reas agr\u00edcolas. Mas a classifica\u00e7\u00e3o de \u201csevero\u201d s\u00f3 se aplica quando as condi\u00e7\u00f5es s\u00e3o realmente destrutivas, capazes de dizimar uma lavoura em minutos ou causar acidentes graves em zonas urbanas, com quedas de \u00e1rvores, destelhamentos e at\u00e9 perdas humanas.<\/p>\n<p>Por isso, entender esses conceitos n\u00e3o \u00e9 s\u00f3 uma quest\u00e3o de curiosidade, mas uma ferramenta de prote\u00e7\u00e3o. Saber diferenciar os tipos de fen\u00f4meno ajuda o produtor a interpretar melhor os alertas meteorol\u00f3gicos e a se preparar de forma mais eficiente. A informa\u00e7\u00e3o \u00e9 uma aliada poderosa na preven\u00e7\u00e3o de danos. Com aten\u00e7\u00e3o ao c\u00e9u e aos boletins confi\u00e1veis, \u00e9 poss\u00edvel proteger n\u00e3o s\u00f3 as safras, mas tamb\u00e9m a vida de quem vive do campo.<\/p>\n<\/p><\/div>\n<p><br \/>\n<br \/><a href=\"https:\/\/www.canalrural.com.br\/agricultura\/projeto-soja-brasil\/voce-sabe-a-diferenca-entre-tempestade-temporal-e-tempo-severo\/\">Source link <\/a><\/p>\n","protected":false},"excerpt":{"rendered":"<p>O c\u00e9u escurece, o vento come\u00e7a a soprar mais forte e, de repente, a primeira gota d\u2019\u00e1gua cai sobre a<\/p>\n","protected":false},"author":1,"featured_media":13563,"comment_status":"open","ping_status":"open","sticky":false,"template":"","format":"standard","meta":{"_monsterinsights_skip_tracking":false,"_monsterinsights_sitenote_active":false,"_monsterinsights_sitenote_note":"","_monsterinsights_sitenote_category":0,"_uf_show_specific_survey":0,"_uf_disable_surveys":false,"footnotes":""},"categories":[1],"tags":[],"class_list":["post-15878","post","type-post","status-publish","format-standard","has-post-thumbnail","hentry","category-news"],"_links":{"self":[{"href":"https:\/\/agromt.news\/index.php?rest_route=\/wp\/v2\/posts\/15878"}],"collection":[{"href":"https:\/\/agromt.news\/index.php?rest_route=\/wp\/v2\/posts"}],"about":[{"href":"https:\/\/agromt.news\/index.php?rest_route=\/wp\/v2\/types\/post"}],"author":[{"embeddable":true,"href":"https:\/\/agromt.news\/index.php?rest_route=\/wp\/v2\/users\/1"}],"replies":[{"embeddable":true,"href":"https:\/\/agromt.news\/index.php?rest_route=%2Fwp%2Fv2%2Fcomments&post=15878"}],"version-history":[{"count":0,"href":"https:\/\/agromt.news\/index.php?rest_route=\/wp\/v2\/posts\/15878\/revisions"}],"wp:featuredmedia":[{"embeddable":true,"href":"https:\/\/agromt.news\/index.php?rest_route=\/wp\/v2\/media\/13563"}],"wp:attachment":[{"href":"https:\/\/agromt.news\/index.php?rest_route=%2Fwp%2Fv2%2Fmedia&parent=15878"}],"wp:term":[{"taxonomy":"category","embeddable":true,"href":"https:\/\/agromt.news\/index.php?rest_route=%2Fwp%2Fv2%2Fcategories&post=15878"},{"taxonomy":"post_tag","embeddable":true,"href":"https:\/\/agromt.news\/index.php?rest_route=%2Fwp%2Fv2%2Ftags&post=15878"}],"curies":[{"name":"wp","href":"https:\/\/api.w.org\/{rel}","templated":true}]}}