{"id":15877,"date":"2025-06-30T13:54:31","date_gmt":"2025-06-30T17:54:31","guid":{"rendered":"https:\/\/agromt.news\/?p=15877"},"modified":"2025-06-30T13:54:31","modified_gmt":"2025-06-30T17:54:31","slug":"vai-gelar-em-mais-regioes-novo-mapa-mostra-que-onda-de-frio-tera-maior-abrangencia","status":"publish","type":"post","link":"https:\/\/agromt.news\/?p=15877","title":{"rendered":"Vai gelar em mais regi\u00f5es! Novo mapa mostra que onda de frio ter\u00e1 maior abrang\u00eancia"},"content":{"rendered":"<p> <br \/>\n<\/p>\n<div>\n<p>A segunda onda de frio do inverno e a quarta de 2025 ser\u00e1 mais abrangente do que se previa, conforme atualiza\u00e7\u00e3o da Climatempo divulgada nesta segunda-feira (30). O fen\u00f4meno come\u00e7ar\u00e1 a afetar mais \u00e1reas de estados brasileiros a partir de hoje, com dura\u00e7\u00e3o at\u00e9 sexta-feira (4).<\/p>\n<div data-icp-cta=\"1\" id=\"icp-cta-unique\">Voc\u00ea quer entender como usar o clima a seu favor?<b> <\/b><a href=\"https:\/\/climacampo.canalrural.com.br\/climacampo_-01\">Preparamos um e-book exclusivo<\/a> para ajudar produtores rurais a se antecipar \u00e0s mudan\u00e7as do tempo e planejar melhor suas a\u00e7\u00f5es. Com base em previs\u00f5es meteorol\u00f3gicas confi\u00e1veis, ele oferece orienta\u00e7\u00f5es pr\u00e1ticas para proteger sua lavoura e otimizar seus resultados.<\/div>\n<p>Com isso, \u00e1reas de nove estados brasileiros ser\u00e3o afetados com temperaturas de <strong>5\u00b0C ou ainda mais baixas<\/strong> em compara\u00e7\u00e3o \u00e0 m\u00e9dia para o per\u00edodo (veja os detalhes no mapa abaixo):<\/p>\n<figure class=\"wp-block-image size-large\"><img fetchpriority=\"high\" decoding=\"async\" width=\"1024\" height=\"576\" alt=\"mapa onda de frio estados \" class=\"wp-image-4107018\"  data-lazy- src=\"https:\/\/agromt.news\/wp-content\/uploads\/2025\/06\/Vai-gelar-em-mais-regioes-Novo-mapa-mostra-que-onda.jpeg\"\/><img decoding=\"async\" width=\"1024\" height=\"576\" src=\"https:\/\/agromt.news\/wp-content\/uploads\/2025\/06\/Vai-gelar-em-mais-regioes-Novo-mapa-mostra-que-onda.jpeg\" alt=\"mapa onda de frio estados \" class=\"wp-image-4107018\"  \/><figcaption class=\"wp-element-caption\">Foto: Climatempo<\/figcaption><\/figure>\n<ul class=\"wp-block-list\">\n<li><strong>Paran\u00e1, Santa Catarina e Rio Grande do Sul:<\/strong> todo o territ\u00f3rio;<\/li>\n<li><strong>S\u00e3o Paulo:<\/strong> sudoeste <\/li>\n<li><strong>Mato Grosso do Sul: <\/strong>quase todo o estado, exceto o extremo nordeste<\/li>\n<li><strong>Mato Grosso:<\/strong> faixa sul e leste<\/li>\n<li><strong>Goi\u00e1s:<\/strong> pequeno trecho no sudoeste<\/li>\n<li><strong>Rond\u00f4nia:<\/strong> toda a faixa sul<\/li>\n<li><strong>Acre:<\/strong> faixa leste<\/li>\n<\/ul>\n<p>Outras faixas de oito estados brasileiros poder\u00e3o experimentar term\u00f4metros entre <strong>3\u00b0C e 5\u00b0C<\/strong> abaixo da m\u00e9dia: <\/p>\n<ul class=\"wp-block-list\">\n<li><strong>S\u00e3o Paulo:<\/strong> todo o estado, exceto pela faixa sudoeste (que ser\u00e1 ainda mais fria);<\/li>\n<li><strong>Rio de Janeiro:<\/strong> toda a faixa sul<\/li>\n<li><strong>Minas Gerais: <\/strong>o extremo sul inteiro<\/li>\n<li><strong>Goi\u00e1s: <\/strong>a parte sul do estado<\/li>\n<li><strong>Mato Grosso:<\/strong> faixa da regi\u00e3o leste, englobando a \u00e1rea central e todo o noroeste<\/li>\n<li><strong>Rond\u00f4nia: <\/strong>toda a regi\u00e3o central e norte<\/li>\n<li><strong>Acre: <\/strong>todo o estado, exceto a faixa leste (onde o frio ser\u00e1 ainda mais intenso)<\/li>\n<li><strong>Amazonas:<\/strong> faixa sul do estado<\/li>\n<\/ul>\n<\/div>\n<div>\n<h2 class=\"wp-block-heading\" id=\"h-chance-de-temperaturas-abaixo-de-0-c\">Chance de temperaturas abaixo de 0\u00b0C?<\/h2>\n<p>Temperaturas negativas devem ocorrer em \u00e1reas de planalto e serra do Rio Grande do Sul e de Santa Catarina na passagem desta onda de frio no Sul do Brasil, conforme a Climatempo.<\/p>\n<p>No entanto, a circula\u00e7\u00e3o de ventos sobre a regi\u00e3o n\u00e3o deve manter umidade para forma\u00e7\u00e3o das nuvens que eventualmente poderiam trazer alguma precipita\u00e7\u00e3o invernal. Assim, <strong>n\u00e3o h\u00e1 expectativa de neve<\/strong> no Sul do Brasil entre esta segunda e sexta.<\/p>\n<p>Entretanto, a Climatempo informa que novos eventos de geada que devem ocorrer, especialmente no Rio Grande do Sul e em Santa Catarina. Temperaturas muito pr\u00f3ximas e at\u00e9 abaixo de 0 \u00b0C devem ser observadas novamente nos dois estados.<\/p>\n<\/p><\/div>\n<p><br \/>\n<br \/><a href=\"https:\/\/www.canalrural.com.br\/tempo\/vai-gelar-em-mais-lugares-novo-mapa-mostra-que-onda-de-frio-tera-mais-abrangencia\/\">Source link <\/a><\/p>\n","protected":false},"excerpt":{"rendered":"<p>A segunda onda de frio do inverno e a quarta de 2025 ser\u00e1 mais abrangente do que se previa, conforme<\/p>\n","protected":false},"author":1,"featured_media":12557,"comment_status":"open","ping_status":"open","sticky":false,"template":"","format":"standard","meta":{"_monsterinsights_skip_tracking":false,"_monsterinsights_sitenote_active":false,"_monsterinsights_sitenote_note":"","_monsterinsights_sitenote_category":0,"_uf_show_specific_survey":0,"_uf_disable_surveys":false,"footnotes":""},"categories":[1],"tags":[],"class_list":["post-15877","post","type-post","status-publish","format-standard","has-post-thumbnail","hentry","category-news"],"_links":{"self":[{"href":"https:\/\/agromt.news\/index.php?rest_route=\/wp\/v2\/posts\/15877"}],"collection":[{"href":"https:\/\/agromt.news\/index.php?rest_route=\/wp\/v2\/posts"}],"about":[{"href":"https:\/\/agromt.news\/index.php?rest_route=\/wp\/v2\/types\/post"}],"author":[{"embeddable":true,"href":"https:\/\/agromt.news\/index.php?rest_route=\/wp\/v2\/users\/1"}],"replies":[{"embeddable":true,"href":"https:\/\/agromt.news\/index.php?rest_route=%2Fwp%2Fv2%2Fcomments&post=15877"}],"version-history":[{"count":0,"href":"https:\/\/agromt.news\/index.php?rest_route=\/wp\/v2\/posts\/15877\/revisions"}],"wp:featuredmedia":[{"embeddable":true,"href":"https:\/\/agromt.news\/index.php?rest_route=\/wp\/v2\/media\/12557"}],"wp:attachment":[{"href":"https:\/\/agromt.news\/index.php?rest_route=%2Fwp%2Fv2%2Fmedia&parent=15877"}],"wp:term":[{"taxonomy":"category","embeddable":true,"href":"https:\/\/agromt.news\/index.php?rest_route=%2Fwp%2Fv2%2Fcategories&post=15877"},{"taxonomy":"post_tag","embeddable":true,"href":"https:\/\/agromt.news\/index.php?rest_route=%2Fwp%2Fv2%2Ftags&post=15877"}],"curies":[{"name":"wp","href":"https:\/\/api.w.org\/{rel}","templated":true}]}}