{"id":15872,"date":"2025-06-30T13:05:34","date_gmt":"2025-06-30T17:05:34","guid":{"rendered":"https:\/\/agromt.news\/?p=15872"},"modified":"2025-06-30T13:05:34","modified_gmt":"2025-06-30T17:05:34","slug":"baiano-especialista-em-cacau-e-nomeado-como-novo-diretor-geral-da-ceplac","status":"publish","type":"post","link":"https:\/\/agromt.news\/?p=15872","title":{"rendered":"Baiano especialista em cacau \u00e9 nomeado como novo diretor geral da Ceplac"},"content":{"rendered":"<p> <br \/>\n<br \/><img decoding=\"async\" src=\"https:\/\/agromt.news\/wp-content\/uploads\/2025\/06\/Baiano-especialista-em-cacau-e-nomeado-como-novo-diretor-geral.jpeg\" \/><\/p>\n<div>\n<p>O Governo Federal nomeou Thiago Guedes, como novo diretor geral para a Comiss\u00e3o Executiva do Plano da Lavoura Cacaueira (Ceplac), \u00f3rg\u00e3o da estrutura do Minist\u00e9rio da Agricultura e Pecu\u00e1ria (Mapa). Guedes \u00e9 ex-Chefe de Gabinete da Secretaria da Agricultura, Pecu\u00e1ria, Irriga\u00e7\u00e3o, Pesca e Aquicultura da Bahia e figura de compromisso na formula\u00e7\u00e3o de pol\u00edticas p\u00fablicas para a agropecu\u00e1ria sustent\u00e1vel.<\/p>\n<p>A nomea\u00e7\u00e3o foi publicada no Di\u00e1rio Oficial desta segunda-feira (30) e foi recebida com entusiasmo por produtores, lideran\u00e7as pol\u00edticas e movimentos da agropecu\u00e1ria da Bahia, Par\u00e1 e Esp\u00edrito Santo, os tr\u00eas maiores estados produtores de cacau do pa\u00eds.<\/p>\n<p>Natural de Itabuna, Sul da Bahia, com ra\u00edzes familiares na cacauicultura e forma\u00e7\u00e3o em Engenharia Agron\u00f4mica pela Universidade Estadual de Santa Cruz (UESC), Guedes construiu uma s\u00f3lida carreira com foco em sistemas agroflorestais, agroecologia e sustentabilidade na produ\u00e7\u00e3o de cacau, tendo atuado em projetos tamb\u00e9m no Esp\u00edrito Santo e no Par\u00e1.<\/p>\n<p>Nos \u00faltimos anos, acumulou experi\u00eancias na implanta\u00e7\u00e3o de pol\u00edticas estruturantes, como o Plano de Agricultura de Baixo Carbono da Bahia (Plano ABC+ Bahia), atuou na C\u00e2mara Setorial Nacional do Cacau e Sistemas Agroflorestais e na C\u00e2mara Setorial do Cacau do Estado da Bahia. <\/p>\n<p>No \u00e2mbito nacional, foi secret\u00e1rio geral da Sociedade Brasileira de Sistemas Agroflorestais, coordenador da Comiss\u00e3o Nacional de Produ\u00e7\u00e3o Org\u00e2nica e contribuiu na constru\u00e7\u00e3o do Plano Inova Cacau 2030, garantindo um lastro t\u00e9cnico, bom tr\u00e2nsito pol\u00edtico e di\u00e1logo com o setor, para a agenda da inova\u00e7\u00e3o agroambiental do cacau.<\/p>\n<p>\u201cThiago representa uma gera\u00e7\u00e3o de profissionais comprometidos com a valoriza\u00e7\u00e3o do cacau brasileiro, aliando ci\u00eancia, competitividade do setor, articula\u00e7\u00e3o e conserva\u00e7\u00e3o produtiva. Sua nomea\u00e7\u00e3o refor\u00e7a o papel estrat\u00e9gico da CEPLAC na transi\u00e7\u00e3o sustent\u00e1vel da agricultura brasileira\u201d, destacou o superintendente da Bahiater da Secretaria de Desenvolvimento Rural do Estado da Bahia, Lanns Almeida, com quem Guedes tem boa parceria.<\/p>\n<p>Guedes tamb\u00e9m coordenou programas voltados \u00e0 certifica\u00e7\u00e3o socioambiental de cacau, qualidade de am\u00eandoas de cacau, recupera\u00e7\u00e3o de \u00e1reas degradadas, agricultura familiar e agrega\u00e7\u00e3o de valor por meio da verticaliza\u00e7\u00e3o do setor cacaueiro com a produ\u00e7\u00e3o de chocolate de origem e Indica\u00e7\u00e3o Geogr\u00e1fica. <\/p>\n<p>Foi autor e organizador de publica\u00e7\u00f5es t\u00e9cnicas e cient\u00edficas, incluindo o Guia de Manejo do Agroecossistema Cacau Cabruca e o Plano ABC+ Bahia.<\/p>\n<\/div>\n<div>\n<p>Sua chegada \u00e0 Ceplac ocorre num momento decisivo: a institui\u00e7\u00e3o passa por debates sobre sua reestrutura\u00e7\u00e3o e retomada do protagonismo nacional diante de novos desafios globais, como o European Union Deforestation-Free Regulation (EUDR), que impacta diretamente as exporta\u00e7\u00f5es de cacau.<\/p>\n<h2 class=\"wp-block-heading\" id=\"h-expectativa\">Expectativa<\/h2>\n<p>A expectativa \u00e9 que, sob sua gest\u00e3o, a CEPLAC fortale\u00e7a a integra\u00e7\u00e3o entre ci\u00eancia, mercado e produtores \u2013 resgatando seu papel hist\u00f3rico como indutora do desenvolvimento da cacauicultura na Amaz\u00f4nia, na Mata Atl\u00e2ntica e mais recente no Cerrado.<\/p>\n<p>L\u00edderes do setor j\u00e1 sinalizam apoio \u00e0 nova dire\u00e7\u00e3o, vislumbrando avan\u00e7os em temas como rastreabilidade, bioeconomia, pesquisa aplicada, aumento da produtividade no cacau, transfer\u00eancia de tecnologia pela extens\u00e3o, aten\u00e7\u00e3o \u00e0 defesa agropecu\u00e1ria, mercado de carbono, sistema agroflorestal e valoriza\u00e7\u00e3o da Cabruca.<\/p>\n<p>Com 15 anos de atua\u00e7\u00e3o estrat\u00e9gica no setor agropecu\u00e1rio, Thiago Guedes chega \u00e0 dire\u00e7\u00e3o da Ceplac com a miss\u00e3o de reconectar passado e futuro da cacauicultura brasileira. <\/p>\n<p>A indica\u00e7\u00e3o do cargo foi iniciada pela Deputada Federal Elis\u00e2ngela Ara\u00fajo do PT, a partir do alinhamento com a Ministra-Chefe da Secretaria de Rela\u00e7\u00f5es Institucionais da Presid\u00eancia da Rep\u00fablica Gleisi Hoffmann e contatos pr\u00e9vios com lideran\u00e7as da regi\u00e3o cacaueira do sul da Bahia que se adicionam ao fortalecimento do setor cacaueiro, como j\u00e1 discutido com l\u00edderes do Governo da Bahia como a Deputada Federal L\u00eddice da Mata PSB e o senador Jaques Wagner PT, numa estrat\u00e9gia que consolida boas perspectivas para o setor do cacau no Brasil.<\/p>\n<hr class=\"wp-block-separator has-alpha-channel-opacity\"\/>\n<p><em>Voc\u00ea tamb\u00e9m pode participar deixando uma sugest\u00e3o de pauta. Siga o\u00a0<a href=\"https:\/\/www.instagram.com\/canalruralbahia\/\">Canal Rural Bahia no Instagram<\/a>\u00a0e nos envie uma mensagem<\/em>.<\/p>\n<\/p><\/div>\n<p><script async src=\"\/\/www.instagram.com\/embed.js\"><\/script><br \/>\n<br \/><br \/>\n<br \/><a href=\"https:\/\/www.canalrural.com.br\/nacional\/bahia\/baiano-especialista-em-cacau-e-nomeado-como-novo-diretor-geral-da-ceplac\/\">Source link <\/a><\/p>\n","protected":false},"excerpt":{"rendered":"<p>O Governo Federal nomeou Thiago Guedes, como novo diretor geral para a Comiss\u00e3o Executiva do Plano da Lavoura Cacaueira (Ceplac),<\/p>\n","protected":false},"author":1,"featured_media":15873,"comment_status":"open","ping_status":"open","sticky":false,"template":"","format":"standard","meta":{"_monsterinsights_skip_tracking":false,"_monsterinsights_sitenote_active":false,"_monsterinsights_sitenote_note":"","_monsterinsights_sitenote_category":0,"_uf_show_specific_survey":0,"_uf_disable_surveys":false,"footnotes":""},"categories":[1],"tags":[],"class_list":["post-15872","post","type-post","status-publish","format-standard","has-post-thumbnail","hentry","category-news"],"_links":{"self":[{"href":"https:\/\/agromt.news\/index.php?rest_route=\/wp\/v2\/posts\/15872"}],"collection":[{"href":"https:\/\/agromt.news\/index.php?rest_route=\/wp\/v2\/posts"}],"about":[{"href":"https:\/\/agromt.news\/index.php?rest_route=\/wp\/v2\/types\/post"}],"author":[{"embeddable":true,"href":"https:\/\/agromt.news\/index.php?rest_route=\/wp\/v2\/users\/1"}],"replies":[{"embeddable":true,"href":"https:\/\/agromt.news\/index.php?rest_route=%2Fwp%2Fv2%2Fcomments&post=15872"}],"version-history":[{"count":0,"href":"https:\/\/agromt.news\/index.php?rest_route=\/wp\/v2\/posts\/15872\/revisions"}],"wp:featuredmedia":[{"embeddable":true,"href":"https:\/\/agromt.news\/index.php?rest_route=\/wp\/v2\/media\/15873"}],"wp:attachment":[{"href":"https:\/\/agromt.news\/index.php?rest_route=%2Fwp%2Fv2%2Fmedia&parent=15872"}],"wp:term":[{"taxonomy":"category","embeddable":true,"href":"https:\/\/agromt.news\/index.php?rest_route=%2Fwp%2Fv2%2Fcategories&post=15872"},{"taxonomy":"post_tag","embeddable":true,"href":"https:\/\/agromt.news\/index.php?rest_route=%2Fwp%2Fv2%2Ftags&post=15872"}],"curies":[{"name":"wp","href":"https:\/\/api.w.org\/{rel}","templated":true}]}}