{"id":15870,"date":"2025-06-30T12:48:57","date_gmt":"2025-06-30T16:48:57","guid":{"rendered":"https:\/\/agromt.news\/?p=15870"},"modified":"2025-06-30T12:48:57","modified_gmt":"2025-06-30T16:48:57","slug":"julho-e-o-pior-mes-para-vender-milho","status":"publish","type":"post","link":"https:\/\/agromt.news\/?p=15870","title":{"rendered":"Julho \u00e9 o pior m\u00eas para vender milho?"},"content":{"rendered":"<p> <br \/>\n<\/p>\n<div>\n<div class=\"row\">\n<div class=\"col-lg col-infos mt-0 mt-lg-0\">\n<div class=\"section-sub-title\">\n<p itemprop=\"description\">&#13;<br \/>\n                                Alguns fatores pesam negativamente sobre os pre\u00e7os&#13;\n                            <\/p>\n<\/p><\/div>\n<div class=\"container\">\n<div class=\"row\">\n<div class=\"col-lg p-0\">\n<div>\n<div class=\"block-news-main-infos mt-3 text-start\">\n<p>                                            <strong class=\"fn\" itemprop=\"author\" style=\"color: rgb(112, 112, 112); \">&#13;<br \/>\n                                                <a href=\"https:\/\/www.agrolink.com.br\/noticias\/javascript:;\" class=\"text-uppercase\" target=\"_blank\" style=\"color: rgb(112, 112, 112); \" rel=\"noopener\">Agrolink<\/a>&#13;<br \/>\n&#13;<br \/>\n                                                    &#8211; Leonardo Gottems&#13;<br \/>\n&#13;<br \/>\n                                            <\/strong><br \/>\n                                        <\/p>\n<p>                                            <abbr><time datetime=\"2025-06-30T08:51\" itemprop=\"datePublished dateModified\">Publicado em 30\/06\/2025 \u00e0s 08:51h.<\/time><\/abbr><br \/>\n                                            <\/p><\/div>\n<\/p><\/div>\n<\/p><\/div>\n<div class=\"col-lg p-0 text-lg-end\">\n<div>\n<div id=\"mdEnviarPagina\" class=\"modal fade\" role=\"dialog\">\n<div class=\"modal-dialog\">\n<div class=\"modal-content\">\n<div class=\"modal-body\">\n<p><strong>Estimado usu\u00e1rio.<\/strong><br \/>Preencha o formul\u00e1rio abaixo para remeter a p\u00e1gina.<\/p>\n<\/p><\/div>\n<\/p><\/div>\n<\/p><\/div>\n<\/div><\/div>\n<\/p><\/div>\n<\/p><\/div>\n<\/p><\/div>\n<\/p><\/div>\n<\/p><\/div>\n<div class=\"row justify-content-md-center mt-3\">\n<div class=\"col-lg-auto col-image block-news-main-image\">\n<p>                                <img decoding=\"async\" src=\"https:\/\/www.agrolink.com.br\/upload\/imagens-resizes\/4c301652af1b4656b96938add61e3515_858x483.jpg\" class=\"lazyload img-fluid\" alt=\"Alguns fatores pesam negativamente sobre os pre\u00e7os\"\/><br \/>\n                                                <span class=\"d-block mt-1\">Alguns fatores pesam negativamente sobre os pre\u00e7os &#8211; Foto: Pixabay<\/span><\/p><\/div>\n<\/p><\/div>\n<div class=\"section-description section-description-noticias mt-3\">\n<p>Com custos distintos entre a primeira e a segunda safra, os resultados financeiros tamb\u00e9m divergem: enquanto o <a href=\"https:\/\/www.agrolink.com.br\/culturas\/milho?utm_source=agrolink-detalhe-noticia&amp;utm_medium=detalhe-noticia&amp;utm_campaign=links-internos&#9;\" target=\"_blank\" rel=\"noopener\">milho<\/a> da safra ver\u00e3o ainda garante um lucro de 10,58%, a Safrinha desta temporada apresenta preju\u00edzo de 9,91%, segundo an\u00e1lise da TF Agroecon\u00f4mica. A consultoria destaca que, para o produtor que ainda n\u00e3o comercializou, o ideal \u00e9 esperar a retomada de pre\u00e7os no segundo semestre. Vender durante julho, m\u00eas de pico da colheita e de pre\u00e7os historicamente baixos, deve ser evitado.&#13;\n<\/p>\n<p>De acordo com a TF Agroecon\u00f4mica, a valoriza\u00e7\u00e3o do real frente ao d\u00f3lar favoreceu os contratos futuros em Chicago (CBOT), mas o avan\u00e7o da colheita brasileira,\u00a0respons\u00e1vel por quase 80% do milho para ra\u00e7\u00e3o,\u00a0ainda imp\u00f5e limites para altas adicionais. Internamente, o aumento da mistura de etanol na gasolina de E27 para E30 tende a aquecer a demanda pelo gr\u00e3o, podendo sustentar os pre\u00e7os a m\u00e9dio e longo prazo. No cen\u00e1rio internacional, os estoques baixos nos EUA e a revers\u00e3o da redu\u00e7\u00e3o das tarifas de exporta\u00e7\u00e3o pela Argentina (de 9,5% para 12%) tamb\u00e9m d\u00e3o suporte ao mercado.&#13;\n<\/p>\n<p>Por outro lado, alguns fatores pesam negativamente sobre os pre\u00e7os. Entre eles est\u00e3o as boas condi\u00e7\u00f5es clim\u00e1ticas para o milho nos EUA e a confirma\u00e7\u00e3o de \u00e1rea plantada semelhante \u00e0 proje\u00e7\u00e3o anterior do USDA, o que refor\u00e7a a estimativa de safra recorde de 400 milh\u00f5es de toneladas. Al\u00e9m disso, tens\u00f5es comerciais entre os EUA e o Canad\u00e1 aumentam incertezas, enquanto a plena oferta com o in\u00edcio da colheita no Brasil pressiona os pre\u00e7os na B3, que t\u00eam oscilado entre R$ 62,19 e R$ 64,75 no \u00faltimo m\u00eas.<br \/>&#13;<br \/>\n\u00a0&#13;\n<\/p>\n<\/p><\/div>\n<\/p><\/div>\n<p><script data-cfasync=\"false\">\n    !function (f, b, e, v, n, t, s) {\n        if (f.fbq) return; n = f.fbq = function () {\n            n.callMethod ?\n                n.callMethod.apply(n, arguments) : n.queue.push(arguments)\n        };\n        if (!f._fbq) f._fbq = n; n.push = n; n.loaded = !0; n.version = '2.0';\n        n.queue = []; t = b.createElement(e); t.async = !0;\n        t.src = v; s = b.getElementsByTagName(e)[0];\n        s.parentNode.insertBefore(t, s)\n    }(window, document, 'script',\n        'https:\/\/connect.facebook.net\/en_US\/fbevents.js');\n    fbq('init', '522546078623747');\n    fbq('track', 'PageView');\n<\/script><br \/>\n<br \/><br \/>\n<br \/><a href=\"https:\/\/www.agrolink.com.br\/noticias\/julho-e-o-pior-mes-para-vender-milho-_503423.html\">Source link <\/a><\/p>\n","protected":false},"excerpt":{"rendered":"<p>&#13; Alguns fatores pesam negativamente sobre os pre\u00e7os&#13; &#13; Agrolink&#13; &#13; &#8211; Leonardo Gottems&#13; &#13; Publicado em 30\/06\/2025 \u00e0s 08:51h.<\/p>\n","protected":false},"author":1,"featured_media":1169,"comment_status":"open","ping_status":"open","sticky":false,"template":"","format":"standard","meta":{"_monsterinsights_skip_tracking":false,"_monsterinsights_sitenote_active":false,"_monsterinsights_sitenote_note":"","_monsterinsights_sitenote_category":0,"_uf_show_specific_survey":0,"_uf_disable_surveys":false,"footnotes":""},"categories":[8,1,14],"tags":[],"class_list":["post-15870","post","type-post","status-publish","format-standard","has-post-thumbnail","hentry","category-agro","category-news","category-politica-agro"],"_links":{"self":[{"href":"https:\/\/agromt.news\/index.php?rest_route=\/wp\/v2\/posts\/15870"}],"collection":[{"href":"https:\/\/agromt.news\/index.php?rest_route=\/wp\/v2\/posts"}],"about":[{"href":"https:\/\/agromt.news\/index.php?rest_route=\/wp\/v2\/types\/post"}],"author":[{"embeddable":true,"href":"https:\/\/agromt.news\/index.php?rest_route=\/wp\/v2\/users\/1"}],"replies":[{"embeddable":true,"href":"https:\/\/agromt.news\/index.php?rest_route=%2Fwp%2Fv2%2Fcomments&post=15870"}],"version-history":[{"count":0,"href":"https:\/\/agromt.news\/index.php?rest_route=\/wp\/v2\/posts\/15870\/revisions"}],"wp:featuredmedia":[{"embeddable":true,"href":"https:\/\/agromt.news\/index.php?rest_route=\/wp\/v2\/media\/1169"}],"wp:attachment":[{"href":"https:\/\/agromt.news\/index.php?rest_route=%2Fwp%2Fv2%2Fmedia&parent=15870"}],"wp:term":[{"taxonomy":"category","embeddable":true,"href":"https:\/\/agromt.news\/index.php?rest_route=%2Fwp%2Fv2%2Fcategories&post=15870"},{"taxonomy":"post_tag","embeddable":true,"href":"https:\/\/agromt.news\/index.php?rest_route=%2Fwp%2Fv2%2Ftags&post=15870"}],"curies":[{"name":"wp","href":"https:\/\/api.w.org\/{rel}","templated":true}]}}