{"id":15869,"date":"2025-06-30T12:34:00","date_gmt":"2025-06-30T16:34:00","guid":{"rendered":"https:\/\/agromt.news\/?p=15869"},"modified":"2025-06-30T12:34:00","modified_gmt":"2025-06-30T16:34:00","slug":"pedimos-um-pronaf-de-r-90-bilhoes-mas-reconhemos-o-esforco-do-governo-diz-sistema-ocb","status":"publish","type":"post","link":"https:\/\/agromt.news\/?p=15869","title":{"rendered":"&#8216;Pedimos um Pronaf de R$ 90 bilh\u00f5es, mas reconhemos o esfor\u00e7o do governo&#8217; diz Sistema OCB"},"content":{"rendered":"<p> <br \/>\n<br \/><img decoding=\"async\" src=\"https:\/\/agromt.news\/wp-content\/uploads\/2024\/09\/Copom-eleva-juros-basicos-da-economia-para-1075-ao-ano.jpg\" \/><\/p>\n<div>\n<p>O Plano Safra 2025\/26 para a agricultura familiar totalizar\u00e1 <strong><a href=\"https:\/\/www.canalrural.com.br\/agricultura\/plano-safra-25-26-da-agricultura-familiar-totaliza-r-89-bilhoes\/\">R$ 89 bilh\u00f5es<\/a><\/strong>. Do montante, <strong>R$ 78,2 bilh\u00f5es<\/strong> s\u00e3o para o Programa Nacional de Fortalecimento da Agricultura Familiar (Pronaf), aumento de 3% em rela\u00e7\u00e3o aos R$ 76 bilh\u00f5es disponibilizados na temporada 2024\/25.<\/p>\n<p>O coordenador do Ramo Pecu\u00e1rio da Organiza\u00e7\u00e3o das Cooperativas Brasileiras (OCB), Jo\u00e3o Prieto, ressalta que a entidade havia solicitado ao governo que as linhas de cr\u00e9dito do Pronaf subissem para R$ 90 bilh\u00f5es para atender as necessidades do setor.<\/p>\n<\/div>\n<div>\n<p>No entanto, conforme ele, dado o contexto atual, considerando uma taxa Selic a 15% ao ano e as necessidades or\u00e7ament\u00e1rias do governo federal em um momento em que as despesas continuam em alta e o aumento do Imposto sobre Opera\u00e7\u00f5es Financeiras (IOF) foi barrado pelo Congresso, a entidade reconhece o esfor\u00e7o da equipe econ\u00f4mica do governo e do Minist\u00e9rio de Desenvolvimento Agr\u00e1rio (MDA) para ultrapassar o valor que estava em pr\u00e1tica na safra atual, de R$ 76 bilh\u00f5es. <\/p>\n<p>\u201cEmbora reconhe\u00e7amos esse esfor\u00e7o, t\u00ednhamos uma expectativa de um valor maior. Vamos avaliar, depois que sa\u00edrem as resolu\u00e7\u00f5es, as especificidades, o quanto desse recurso est\u00e1 atrelado \u00e0s taxas equalizadas e o quanto est\u00e1 atrelado a taxas controladas que n\u00e3o exigem equaliza\u00e7\u00e3o. A partir de ent\u00e3o, veremos, realmente, o arranjo final desse processo para avaliar se as taxas que oneram mais as pol\u00edticas p\u00fablicas e atendem efetivamente a agricultura familiar ficaram em um arranjo que fa\u00e7a frente \u00e0s necessidades do setor\u201d, comenta.<\/p>\n<p>O an\u00fancio ser\u00e1 formalizado nesta segunda-feira (30), \u00e0s 11h, no Pal\u00e1cio do Planalto. <strong><a href=\"https:\/\/www.youtube.com\/live\/lzcx9yJNvQ4\">O Canal Rural transmite a cerim\u00f4nia ao vivo.<\/a><\/strong><\/p>\n<\/p><\/div>\n<p><br \/>\n<br \/><a href=\"https:\/\/www.canalrural.com.br\/agricultura\/pedimos-um-pronaf-de-r-90-bilhoes-mas-reconhemos-o-esforco-do-governo-diz-sistema-ocb\/\">Source link <\/a><\/p>\n","protected":false},"excerpt":{"rendered":"<p>O Plano Safra 2025\/26 para a agricultura familiar totalizar\u00e1 R$ 89 bilh\u00f5es. Do montante, R$ 78,2 bilh\u00f5es s\u00e3o para o<\/p>\n","protected":false},"author":1,"featured_media":2706,"comment_status":"open","ping_status":"open","sticky":false,"template":"","format":"standard","meta":{"_monsterinsights_skip_tracking":false,"_monsterinsights_sitenote_active":false,"_monsterinsights_sitenote_note":"","_monsterinsights_sitenote_category":0,"_uf_show_specific_survey":0,"_uf_disable_surveys":false,"footnotes":""},"categories":[1],"tags":[],"class_list":["post-15869","post","type-post","status-publish","format-standard","has-post-thumbnail","hentry","category-news"],"_links":{"self":[{"href":"https:\/\/agromt.news\/index.php?rest_route=\/wp\/v2\/posts\/15869"}],"collection":[{"href":"https:\/\/agromt.news\/index.php?rest_route=\/wp\/v2\/posts"}],"about":[{"href":"https:\/\/agromt.news\/index.php?rest_route=\/wp\/v2\/types\/post"}],"author":[{"embeddable":true,"href":"https:\/\/agromt.news\/index.php?rest_route=\/wp\/v2\/users\/1"}],"replies":[{"embeddable":true,"href":"https:\/\/agromt.news\/index.php?rest_route=%2Fwp%2Fv2%2Fcomments&post=15869"}],"version-history":[{"count":0,"href":"https:\/\/agromt.news\/index.php?rest_route=\/wp\/v2\/posts\/15869\/revisions"}],"wp:featuredmedia":[{"embeddable":true,"href":"https:\/\/agromt.news\/index.php?rest_route=\/wp\/v2\/media\/2706"}],"wp:attachment":[{"href":"https:\/\/agromt.news\/index.php?rest_route=%2Fwp%2Fv2%2Fmedia&parent=15869"}],"wp:term":[{"taxonomy":"category","embeddable":true,"href":"https:\/\/agromt.news\/index.php?rest_route=%2Fwp%2Fv2%2Fcategories&post=15869"},{"taxonomy":"post_tag","embeddable":true,"href":"https:\/\/agromt.news\/index.php?rest_route=%2Fwp%2Fv2%2Ftags&post=15869"}],"curies":[{"name":"wp","href":"https:\/\/api.w.org\/{rel}","templated":true}]}}