{"id":15862,"date":"2025-06-30T11:20:20","date_gmt":"2025-06-30T15:20:20","guid":{"rendered":"https:\/\/agromt.news\/?p=15862"},"modified":"2025-06-30T11:20:20","modified_gmt":"2025-06-30T15:20:20","slug":"precos-seguem-em-queda-com-avanco-da-colheita","status":"publish","type":"post","link":"https:\/\/agromt.news\/?p=15862","title":{"rendered":"pre\u00e7os seguem em queda com avan\u00e7o da colheita"},"content":{"rendered":"<p> <br \/>\n<br \/><img decoding=\"async\" src=\"https:\/\/agromt.news\/wp-content\/uploads\/2025\/05\/Variedades-de-feijao-tem-comportamentos-opostos-nas-cotacoes.jpg\" \/><\/p>\n<div>\n<p>A colheita de feij\u00e3o segue firme nas principais regi\u00f5es produtoras. Isso de acordo com os dados do <a href=\"https:\/\/www.canalrural.com.br\/tag\/cepea\/\">Centro de Estudos Avan\u00e7ados em Economia Aplicada (Cepea)<\/a>.<\/p>\n<p>Segundo pesquisadores do instituto, o impacto da colheita sobre os valores de comercializa\u00e7\u00e3o do feij\u00e3o segue distinto. Enquanto os pre\u00e7os dos gr\u00e3os de maior qualidade ainda se sustentam em algumas pra\u00e7as, os dos feij\u00f5es comerciais enfrentam press\u00e3o do avan\u00e7o da oferta e tamb\u00e9m da baixa liquidez.\u00a0<\/p>\n<p>No Paran\u00e1, segundo o Deral\/Seab, 96% da \u00e1rea da segunda safra havia sido colhida at\u00e9 o dia 23 de junho. A Secretaria estima a produ\u00e7\u00e3o paranaense em 526,6 mil toneladas nesta safra, queda de 23% frente \u00e0 anterior.\u00a0<\/p>\n<\/div>\n<div>\n<p>Vale lembrar, contudo, que o volume colhido na primeira safra foi o dobro da temporada anterior (+102%), alcan\u00e7ando 338,1 mil toneladas. Este fato ainda vem sustentando parte da oferta no estado.\u00a0<\/p>\n<p>Em Minas Gerais, a colheita j\u00e1 atingiu 15% da \u00e1rea da segunda safra, e o plantio da terceira se aproxima do fim, em meio a relatos de press\u00e3o da mosca branca. J\u00e1 na Bahia e em Goi\u00e1s, as lavouras seguem em bom desenvolvimento, com a colheita avan\u00e7ando no Leste Goiano e Vale do Araguaia.<\/p>\n<p><em>*Sob supervis\u00e3o de Luis Roberto Toledo<\/em><\/p>\n<\/p><\/div>\n<p><br \/>\n<br \/><a href=\"https:\/\/www.canalrural.com.br\/agricultura\/feijao-precos-seguem-em-queda-com-avanco-da-colheita\/\">Source link <\/a><\/p>\n","protected":false},"excerpt":{"rendered":"<p>A colheita de feij\u00e3o segue firme nas principais regi\u00f5es produtoras. Isso de acordo com os dados do Centro de Estudos<\/p>\n","protected":false},"author":1,"featured_media":13920,"comment_status":"open","ping_status":"open","sticky":false,"template":"","format":"standard","meta":{"_monsterinsights_skip_tracking":false,"_monsterinsights_sitenote_active":false,"_monsterinsights_sitenote_note":"","_monsterinsights_sitenote_category":0,"_uf_show_specific_survey":0,"_uf_disable_surveys":false,"footnotes":""},"categories":[1],"tags":[],"class_list":["post-15862","post","type-post","status-publish","format-standard","has-post-thumbnail","hentry","category-news"],"_links":{"self":[{"href":"https:\/\/agromt.news\/index.php?rest_route=\/wp\/v2\/posts\/15862"}],"collection":[{"href":"https:\/\/agromt.news\/index.php?rest_route=\/wp\/v2\/posts"}],"about":[{"href":"https:\/\/agromt.news\/index.php?rest_route=\/wp\/v2\/types\/post"}],"author":[{"embeddable":true,"href":"https:\/\/agromt.news\/index.php?rest_route=\/wp\/v2\/users\/1"}],"replies":[{"embeddable":true,"href":"https:\/\/agromt.news\/index.php?rest_route=%2Fwp%2Fv2%2Fcomments&post=15862"}],"version-history":[{"count":0,"href":"https:\/\/agromt.news\/index.php?rest_route=\/wp\/v2\/posts\/15862\/revisions"}],"wp:featuredmedia":[{"embeddable":true,"href":"https:\/\/agromt.news\/index.php?rest_route=\/wp\/v2\/media\/13920"}],"wp:attachment":[{"href":"https:\/\/agromt.news\/index.php?rest_route=%2Fwp%2Fv2%2Fmedia&parent=15862"}],"wp:term":[{"taxonomy":"category","embeddable":true,"href":"https:\/\/agromt.news\/index.php?rest_route=%2Fwp%2Fv2%2Fcategories&post=15862"},{"taxonomy":"post_tag","embeddable":true,"href":"https:\/\/agromt.news\/index.php?rest_route=%2Fwp%2Fv2%2Ftags&post=15862"}],"curies":[{"name":"wp","href":"https:\/\/api.w.org\/{rel}","templated":true}]}}