{"id":15861,"date":"2025-06-30T11:04:09","date_gmt":"2025-06-30T15:04:09","guid":{"rendered":"https:\/\/agromt.news\/?p=15861"},"modified":"2025-06-30T11:04:09","modified_gmt":"2025-06-30T15:04:09","slug":"plano-safra-da-agricultura-familiar-tera-r-782-bilhoes-para-o-pronaf-2","status":"publish","type":"post","link":"https:\/\/agromt.news\/?p=15861","title":{"rendered":"Plano Safra da Agricultura Familiar ter\u00e1 R$ 78,2 bilh\u00f5es para o Pronaf"},"content":{"rendered":"<p> <br \/>\n<br \/><img decoding=\"async\" src=\"https:\/\/agromt.news\/wp-content\/uploads\/2024\/08\/Casa-Canal-Rural-tera-apresentacao-do-Plano-Safra-da-Agricultura.jpeg\" \/><\/p>\n<div>\n<p>O Plano Safra 2025\/26 para a agricultura familiar, que ser\u00e1 divulgado nesta segunda-feira (30), a partir das 11h, ter\u00e1 um volume de recursos para financiamento de pequenos produtores totalizando R$ 78,2 bilh\u00f5es para o Programa Nacional de Fortalecimento da Agricultura Familiar <strong><a href=\"http:\/\/www.canalrural.com.br\/tag\/pronaf\/\">(Pronaf)<\/a><\/strong>, segundo apurou a reportagem. O valor representa um aumento de 3% em rela\u00e7\u00e3o aos R$ 76 bilh\u00f5es disponibilizados na temporada 2024\/25.<\/p>\n<\/div>\n<div>\n<p>Os juros para custeio de alimentos da cesta b\u00e1sica devem ser mantidos em 3% anuais, conforme a safra passada. O mesmo deve ocorrer com as taxas para Agroecologia, que devem ser mantidas em 2%. Por conta da atual taxa Selic, que est\u00e1 em 15% ao ano, e \u00e0s restri\u00f5es or\u00e7ament\u00e1rias do governo, foi necess\u00e1rio elevar algumas taxas chega a at\u00e9 2 pontos percentuais nas linhas do Pronaf, como para commodities e demais linhas (agroind\u00fastria, silvicultura etc.), que saem de 6% para 8% ao ano.<\/p>\n<p>Dos recursos totais do Pronaf, R$ 40,2 bilh\u00f5es ser\u00e3o destinados a custeio e R$ 37,9 bilh\u00f5es para investimentos. O valor destinado para a equaliza\u00e7\u00e3o de juros ser\u00e1 de R$ 43,4 bilh\u00f5es, o que representa R$ 2 bilh\u00f5es a menos do que o que foi utilizado na temporada 2024\/25. Al\u00e9m disso, haver\u00e1 R$ 34,7 bilh\u00f5es provenientes de fontes com juros controlados, mas sem equaliza\u00e7\u00e3o.<\/p>\n<\/p><\/div>\n<p><br \/>\n<br \/><a href=\"https:\/\/www.canalrural.com.br\/agricultura\/plano-safra-da-agricultura-familiar-tera-r-782-bilhoes-para-o-pronaf\/\">Source link <\/a><\/p>\n","protected":false},"excerpt":{"rendered":"<p>O Plano Safra 2025\/26 para a agricultura familiar, que ser\u00e1 divulgado nesta segunda-feira (30), a partir das 11h, ter\u00e1 um<\/p>\n","protected":false},"author":1,"featured_media":858,"comment_status":"open","ping_status":"open","sticky":false,"template":"","format":"standard","meta":{"_monsterinsights_skip_tracking":false,"_monsterinsights_sitenote_active":false,"_monsterinsights_sitenote_note":"","_monsterinsights_sitenote_category":0,"_uf_show_specific_survey":0,"_uf_disable_surveys":false,"footnotes":""},"categories":[1],"tags":[],"class_list":["post-15861","post","type-post","status-publish","format-standard","has-post-thumbnail","hentry","category-news"],"_links":{"self":[{"href":"https:\/\/agromt.news\/index.php?rest_route=\/wp\/v2\/posts\/15861"}],"collection":[{"href":"https:\/\/agromt.news\/index.php?rest_route=\/wp\/v2\/posts"}],"about":[{"href":"https:\/\/agromt.news\/index.php?rest_route=\/wp\/v2\/types\/post"}],"author":[{"embeddable":true,"href":"https:\/\/agromt.news\/index.php?rest_route=\/wp\/v2\/users\/1"}],"replies":[{"embeddable":true,"href":"https:\/\/agromt.news\/index.php?rest_route=%2Fwp%2Fv2%2Fcomments&post=15861"}],"version-history":[{"count":0,"href":"https:\/\/agromt.news\/index.php?rest_route=\/wp\/v2\/posts\/15861\/revisions"}],"wp:featuredmedia":[{"embeddable":true,"href":"https:\/\/agromt.news\/index.php?rest_route=\/wp\/v2\/media\/858"}],"wp:attachment":[{"href":"https:\/\/agromt.news\/index.php?rest_route=%2Fwp%2Fv2%2Fmedia&parent=15861"}],"wp:term":[{"taxonomy":"category","embeddable":true,"href":"https:\/\/agromt.news\/index.php?rest_route=%2Fwp%2Fv2%2Fcategories&post=15861"},{"taxonomy":"post_tag","embeddable":true,"href":"https:\/\/agromt.news\/index.php?rest_route=%2Fwp%2Fv2%2Ftags&post=15861"}],"curies":[{"name":"wp","href":"https:\/\/api.w.org\/{rel}","templated":true}]}}