{"id":15860,"date":"2025-06-30T10:53:05","date_gmt":"2025-06-30T14:53:05","guid":{"rendered":"https:\/\/agromt.news\/?p=15860"},"modified":"2025-06-30T10:53:05","modified_gmt":"2025-06-30T14:53:05","slug":"milho-fecha-semana-em-queda-na-b3","status":"publish","type":"post","link":"https:\/\/agromt.news\/?p=15860","title":{"rendered":"Milho fecha semana em queda na B3"},"content":{"rendered":"<p> <br \/>\n<\/p>\n<div>\n<p>As cota\u00e7\u00f5es do <a href=\"https:\/\/www.agrolink.com.br\/culturas\/milho?utm_source=agrolink-detalhe-noticia&amp;utm_medium=detalhe-noticia&amp;utm_campaign=links-internos&#9;\" target=\"_blank\" rel=\"noopener\">milho<\/a> na B3 encerraram a sexta-feira (27) em queda, pressionadas pelo avan\u00e7o da colheita da segunda safra e pela desvaloriza\u00e7\u00e3o do d\u00f3lar, que acumulou baixa semanal de -0,75%. Segundo informa\u00e7\u00f5es da TF Agroecon\u00f4mica, apesar do atraso na colheita manter os pre\u00e7os em um canal lateral, a tend\u00eancia \u00e9 de que a recupera\u00e7\u00e3o da oferta provoque novas quedas nos pre\u00e7os nas pr\u00f3ximas semanas.&#13;\n<\/p>\n<p>No acumulado semanal, os contratos futuros da B3 apresentaram perdas entre -1,25% e -0,01%, com exce\u00e7\u00e3o do contrato de junho, que j\u00e1 n\u00e3o \u00e9 mais negociado e fechou em alta. O contrato julho\/24 fechou o dia a R\\$ 63,54, com baixa di\u00e1ria de R\\$ -0,41, mas alta semanal de R\\$ 0,38. Julho\/25 encerrou a R\\$ 62,27 (-R\\$ 0,06 no dia e -R\\$ 1,25 na semana), enquanto setembro\/25 caiu para R\\$ 66,45 (-R\\$ 0,34 no dia e -R\\$ 0,79 na semana). J\u00e1 no mercado f\u00edsico, o indicador Cepea teve desvaloriza\u00e7\u00e3o de -0,68% na semana.&#13;\n<\/p>\n<p>No mercado internacional, o milho negociado na Bolsa de Chicago (CBOT) encerrou o dia em alta, ap\u00f3s cinco sess\u00f5es consecutivas de queda. O contrato de julho subiu 1,95% ou \\$ 8,00 cents\/bushel, fechando a \\$ 417,50. J\u00e1 o contrato de setembro subiu 1,86% ou \\$ 7,50 cents\/bushel, terminando a \\$ 411,50. A alta do dia refletiu uma recomposi\u00e7\u00e3o das posi\u00e7\u00f5es vendidas por parte dos fundos, diante das cota\u00e7\u00f5es em n\u00edveis historicamente baixos e da expectativa de menor estoque nos EUA, com base na forte demanda registrada recentemente. Ainda assim, o milho na CBOT acumulou uma perda semanal de -2,62% ou \\$ -11,25 cents\/bushel, refletindo a volatilidade do mercado frente \u00e0s incertezas clim\u00e1ticas e \u00e0 din\u00e2mica cambial.<br \/>&#13;<br \/>\n\u00a0&#13;\n<\/p>\n<\/p><\/div>\n<p><script data-cfasync=\"false\">\n    !function (f, b, e, v, n, t, s) {\n        if (f.fbq) return; n = f.fbq = function () {\n            n.callMethod ?\n                n.callMethod.apply(n, arguments) : n.queue.push(arguments)\n        };\n        if (!f._fbq) f._fbq = n; n.push = n; n.loaded = !0; n.version = '2.0';\n        n.queue = []; t = b.createElement(e); t.async = !0;\n        t.src = v; s = b.getElementsByTagName(e)[0];\n        s.parentNode.insertBefore(t, s)\n    }(window, document, 'script',\n        'https:\/\/connect.facebook.net\/en_US\/fbevents.js');\n    fbq('init', '522546078623747');\n    fbq('track', 'PageView');\n<\/script><br \/>\n<br \/><br \/>\n<br \/><a href=\"https:\/\/www.agrolink.com.br\/noticias\/milho-fecha-semana-em-queda-na-b3_503424.html\">Source link <\/a><\/p>\n","protected":false},"excerpt":{"rendered":"<p>As cota\u00e7\u00f5es do milho na B3 encerraram a sexta-feira (27) em queda, pressionadas pelo avan\u00e7o da colheita da segunda safra<\/p>\n","protected":false},"author":1,"featured_media":8392,"comment_status":"open","ping_status":"open","sticky":false,"template":"","format":"standard","meta":{"_monsterinsights_skip_tracking":false,"_monsterinsights_sitenote_active":false,"_monsterinsights_sitenote_note":"","_monsterinsights_sitenote_category":0,"_uf_show_specific_survey":0,"_uf_disable_surveys":false,"footnotes":""},"categories":[8,1,14],"tags":[],"class_list":["post-15860","post","type-post","status-publish","format-standard","has-post-thumbnail","hentry","category-agro","category-news","category-politica-agro"],"_links":{"self":[{"href":"https:\/\/agromt.news\/index.php?rest_route=\/wp\/v2\/posts\/15860"}],"collection":[{"href":"https:\/\/agromt.news\/index.php?rest_route=\/wp\/v2\/posts"}],"about":[{"href":"https:\/\/agromt.news\/index.php?rest_route=\/wp\/v2\/types\/post"}],"author":[{"embeddable":true,"href":"https:\/\/agromt.news\/index.php?rest_route=\/wp\/v2\/users\/1"}],"replies":[{"embeddable":true,"href":"https:\/\/agromt.news\/index.php?rest_route=%2Fwp%2Fv2%2Fcomments&post=15860"}],"version-history":[{"count":0,"href":"https:\/\/agromt.news\/index.php?rest_route=\/wp\/v2\/posts\/15860\/revisions"}],"wp:featuredmedia":[{"embeddable":true,"href":"https:\/\/agromt.news\/index.php?rest_route=\/wp\/v2\/media\/8392"}],"wp:attachment":[{"href":"https:\/\/agromt.news\/index.php?rest_route=%2Fwp%2Fv2%2Fmedia&parent=15860"}],"wp:term":[{"taxonomy":"category","embeddable":true,"href":"https:\/\/agromt.news\/index.php?rest_route=%2Fwp%2Fv2%2Fcategories&post=15860"},{"taxonomy":"post_tag","embeddable":true,"href":"https:\/\/agromt.news\/index.php?rest_route=%2Fwp%2Fv2%2Ftags&post=15860"}],"curies":[{"name":"wp","href":"https:\/\/api.w.org\/{rel}","templated":true}]}}