{"id":15858,"date":"2025-06-30T10:32:06","date_gmt":"2025-06-30T14:32:06","guid":{"rendered":"https:\/\/agromt.news\/?p=15858"},"modified":"2025-06-30T10:32:06","modified_gmt":"2025-06-30T14:32:06","slug":"atraso-na-colheita-sustenta-os-precos-do-cereal","status":"publish","type":"post","link":"https:\/\/agromt.news\/?p=15858","title":{"rendered":"atraso na colheita sustenta os pre\u00e7os do cereal"},"content":{"rendered":"<p> <br \/>\n<br \/><img decoding=\"async\" src=\"https:\/\/agromt.news\/wp-content\/uploads\/2024\/11\/mercado-interrompe-alta-de-precos-que-comecou-em-agosto.png\" \/><\/p>\n<div>\n<p>O atraso na colheita da segunda safra de milho vem limitando o movimento de queda nos pre\u00e7os do cereal em algumas pra\u00e7as. \u00c9 isso o que apontam os levantamentos do <a href=\"https:\/\/www.canalrural.com.br\/tag\/cepea\/\">Centro de Estudos Avan\u00e7ados em Economia Aplicada (Cepea)<\/a>.<\/p>\n<p>Segundo o Centro de Pesquisas, as cota\u00e7\u00f5es seguem pressionadas pela perspectiva de oferta elevada e pelas desvaloriza\u00e7\u00f5es externas.\u00a0<\/p>\n<p>Em regi\u00f5es consumidoras, como as paulistas, por\u00e9m, os valores chegaram a reagir, influenciados pela demanda acima da oferta de milho padronizado.\u00a0Ressalta-se, ainda,\u00a0 que as recentes chuvas t\u00eam limitado a disponibilidade desse tipo de cereal.\u00a0<\/p>\n<\/div>\n<div>\n<p>At\u00e9 o dia 21 de junho, a colheita da segunda safra somava 10,3% da \u00e1rea nacional, avan\u00e7o semanal de 6,4 pontos percentuais. Mesmo assim o valor est\u00e1 bem abaixo dos 28% no mesmo per\u00edodo do ano passado e dos 17,5% da m\u00e9dia dos \u00faltimos cinco anos, conforme a Conab.<\/p>\n<p><em>*Sob supervis\u00e3o de Luis Roberto Toledo<\/em><\/p>\n<\/p><\/div>\n<p><br \/>\n<br \/><a href=\"https:\/\/www.canalrural.com.br\/agricultura\/milho-atraso-na-colheita-sustenta-os-precos-do-cereal\/\">Source link <\/a><\/p>\n","protected":false},"excerpt":{"rendered":"<p>O atraso na colheita da segunda safra de milho vem limitando o movimento de queda nos pre\u00e7os do cereal em<\/p>\n","protected":false},"author":1,"featured_media":12468,"comment_status":"open","ping_status":"open","sticky":false,"template":"","format":"standard","meta":{"_monsterinsights_skip_tracking":false,"_monsterinsights_sitenote_active":false,"_monsterinsights_sitenote_note":"","_monsterinsights_sitenote_category":0,"_uf_show_specific_survey":0,"_uf_disable_surveys":false,"footnotes":""},"categories":[1],"tags":[],"class_list":["post-15858","post","type-post","status-publish","format-standard","has-post-thumbnail","hentry","category-news"],"_links":{"self":[{"href":"https:\/\/agromt.news\/index.php?rest_route=\/wp\/v2\/posts\/15858"}],"collection":[{"href":"https:\/\/agromt.news\/index.php?rest_route=\/wp\/v2\/posts"}],"about":[{"href":"https:\/\/agromt.news\/index.php?rest_route=\/wp\/v2\/types\/post"}],"author":[{"embeddable":true,"href":"https:\/\/agromt.news\/index.php?rest_route=\/wp\/v2\/users\/1"}],"replies":[{"embeddable":true,"href":"https:\/\/agromt.news\/index.php?rest_route=%2Fwp%2Fv2%2Fcomments&post=15858"}],"version-history":[{"count":0,"href":"https:\/\/agromt.news\/index.php?rest_route=\/wp\/v2\/posts\/15858\/revisions"}],"wp:featuredmedia":[{"embeddable":true,"href":"https:\/\/agromt.news\/index.php?rest_route=\/wp\/v2\/media\/12468"}],"wp:attachment":[{"href":"https:\/\/agromt.news\/index.php?rest_route=%2Fwp%2Fv2%2Fmedia&parent=15858"}],"wp:term":[{"taxonomy":"category","embeddable":true,"href":"https:\/\/agromt.news\/index.php?rest_route=%2Fwp%2Fv2%2Fcategories&post=15858"},{"taxonomy":"post_tag","embeddable":true,"href":"https:\/\/agromt.news\/index.php?rest_route=%2Fwp%2Fv2%2Ftags&post=15858"}],"curies":[{"name":"wp","href":"https:\/\/api.w.org\/{rel}","templated":true}]}}