{"id":15851,"date":"2025-06-30T09:15:58","date_gmt":"2025-06-30T13:15:58","guid":{"rendered":"https:\/\/agromt.news\/?p=15851"},"modified":"2025-06-30T09:15:58","modified_gmt":"2025-06-30T13:15:58","slug":"sebrae-sp-abre-inscricoes-para-a-feira-do-empreendedor-2025","status":"publish","type":"post","link":"https:\/\/agromt.news\/?p=15851","title":{"rendered":"Sebrae-SP abre inscri\u00e7\u00f5es para a Feira do Empreendedor 2025"},"content":{"rendered":"<p> <br \/>\n<br \/><img decoding=\"async\" src=\"https:\/\/agromt.news\/wp-content\/uploads\/2025\/06\/Sebrae-SP-abre-inscricoes-para-a-Feira-do-Empreendedor-2025.jpg\" \/><\/p>\n<div>\n<p>O <a href=\"https:\/\/sebrae.com.br\/sites\/PortalSebrae\">Sebrae<\/a>-SP abriu as <a href=\"https:\/\/feiradoempreendedor.sebraesp.com.br\/\">inscri\u00e7\u00f5es<\/a> para expositores e patrocinadores da Feira do Empreendedor 2025 (FE25), que ser\u00e1 realizada entre os dias 15 e 18 de outubro, no S\u00e3o Paulo Expo. A entrada \u00e9 gratuita.<\/p>\n<p>Com expectativa de p\u00fablico superior a 110 mil pessoas, o evento deve movimentar cerca de R$ 45 milh\u00f5es em neg\u00f3cios. A edi\u00e7\u00e3o contar\u00e1 com mais de 1.200 espa\u00e7os de exposi\u00e7\u00e3o para empresas de todos os portes e setores.<\/p>\n<ul class=\"wp-block-list\">\n<li><em>Participe do Porteira Aberta Empreender: envie perguntas, sugest\u00f5es e conte sua hist\u00f3ria de empreendedorismo pelo <\/em><a href=\"https:\/\/api.whatsapp.com\/send?phone=5511932796720&amp;PorteiraAbertaEmpreender=SuaMensagem\"><strong>WhatsApp<\/strong><\/a><\/li>\n<\/ul>\n<\/div>\n<div>\n<p>A programa\u00e7\u00e3o inclui palestras, pain\u00e9is, consultorias, rodadas de neg\u00f3cios e oportunidades de networking com especialistas e empreendedores. <\/p>\n<h2 class=\"wp-block-heading has-small-font-size\" id=\"h-oportunidades-para-expositores-e-patrocinadores\">Oportunidades para expositores e patrocinadores<\/h2>\n<p>Empresas interessadas podem escolher estandes de 2m\u00b2 a 25m\u00b2, os valores dos espa\u00e7os e cotas de patroc\u00ednio poder conferido <a href=\"https:\/\/feiradoempreendedor.sebraesp.com.br\/wp-content\/uploads\/midia_kit_fe25.pdf\">aqui.<\/a> As empresas interessadas em garantir seu espa\u00e7o na FE25 podem acessar o site e preencher o formul\u00e1rio de inscri\u00e7\u00e3o, <a href=\"https:\/\/feiradoempreendedor.sebraesp.com.br\/seja-um-expositor\/\">acesse aqui.<\/a> Para obter informa\u00e7\u00f5es e tirar d\u00favidas, encaminhe um e-mail para: <a href=\"https:\/\/www.canalrural.com.br\/cdn-cgi\/l\/email-protection\" class=\"__cf_email__\" data-cfemail=\"7d1b18140f1c191218100d0f181813191819120f3d0e181f0f1c180e0d531e1210531f0f\">[email\u00a0protected]<\/a>.\u00a0<\/p>\n<\/p><\/div>\n<p><br \/>\n<br \/><a href=\"https:\/\/www.canalrural.com.br\/empreendedorismo\/sebrae-sp-abre-inscricoes-para-a-feira-do-empreendedor-2025\/\">Source link <\/a><\/p>\n","protected":false},"excerpt":{"rendered":"<p>O Sebrae-SP abriu as inscri\u00e7\u00f5es para expositores e patrocinadores da Feira do Empreendedor 2025 (FE25), que ser\u00e1 realizada entre os<\/p>\n","protected":false},"author":1,"featured_media":15852,"comment_status":"open","ping_status":"open","sticky":false,"template":"","format":"standard","meta":{"_monsterinsights_skip_tracking":false,"_monsterinsights_sitenote_active":false,"_monsterinsights_sitenote_note":"","_monsterinsights_sitenote_category":0,"_uf_show_specific_survey":0,"_uf_disable_surveys":false,"footnotes":""},"categories":[1],"tags":[],"class_list":["post-15851","post","type-post","status-publish","format-standard","has-post-thumbnail","hentry","category-news"],"_links":{"self":[{"href":"https:\/\/agromt.news\/index.php?rest_route=\/wp\/v2\/posts\/15851"}],"collection":[{"href":"https:\/\/agromt.news\/index.php?rest_route=\/wp\/v2\/posts"}],"about":[{"href":"https:\/\/agromt.news\/index.php?rest_route=\/wp\/v2\/types\/post"}],"author":[{"embeddable":true,"href":"https:\/\/agromt.news\/index.php?rest_route=\/wp\/v2\/users\/1"}],"replies":[{"embeddable":true,"href":"https:\/\/agromt.news\/index.php?rest_route=%2Fwp%2Fv2%2Fcomments&post=15851"}],"version-history":[{"count":0,"href":"https:\/\/agromt.news\/index.php?rest_route=\/wp\/v2\/posts\/15851\/revisions"}],"wp:featuredmedia":[{"embeddable":true,"href":"https:\/\/agromt.news\/index.php?rest_route=\/wp\/v2\/media\/15852"}],"wp:attachment":[{"href":"https:\/\/agromt.news\/index.php?rest_route=%2Fwp%2Fv2%2Fmedia&parent=15851"}],"wp:term":[{"taxonomy":"category","embeddable":true,"href":"https:\/\/agromt.news\/index.php?rest_route=%2Fwp%2Fv2%2Fcategories&post=15851"},{"taxonomy":"post_tag","embeddable":true,"href":"https:\/\/agromt.news\/index.php?rest_route=%2Fwp%2Fv2%2Ftags&post=15851"}],"curies":[{"name":"wp","href":"https:\/\/api.w.org\/{rel}","templated":true}]}}